{"id":2427,"date":"2025-11-28T09:53:30","date_gmt":"2025-11-28T15:53:30","guid":{"rendered":"https:\/\/girasolmultimedios.com\/portal\/?p=2427"},"modified":"2025-11-28T09:53:30","modified_gmt":"2025-11-28T15:53:30","slug":"obispos-centroamericanos-renuevan-llamado-a-la-fe-y-la-esperanza","status":"publish","type":"post","link":"https:\/\/girasolmultimedios.com\/portal\/obispos-centroamericanos-renuevan-llamado-a-la-fe-y-la-esperanza\/","title":{"rendered":"Obispos centroamericanos renuevan llamado a la fe y la esperanza"},"content":{"rendered":"\n<p>En la 83\u00aa Asamblea del\u00a0SEDAC, los obispos de Centroam\u00e9rica concluyeron una semana de reflexi\u00f3n pastoral y comuni\u00f3n eclesial con un llamado a los fieles a mantener su confianza en Jesucristo al iniciar el tiempo de Adviento y acercarse la clausura del A\u00f1o Jubilar. \u201cRenovamos nuestra fe en Cristo, la esperanza que no defrauda\u201d, afirmaron.<\/p>\n\n\n\n<p>Durante la asamblea, los obispos escucharon las realidades que enfrenta la Iglesia en la regi\u00f3n y recordaron el 1700 aniversario del Concilio de Nicea, donde la Iglesia proclam\u00f3 el Credo que los cat\u00f3licos profesan cada domingo. En su mensaje, subrayaron: \u201cCon toda la Iglesia renovamos nuestra fe en un solo Se\u00f1or, Jesucristo, Dios de Dios, luz de luz, a quien reconocemos como Se\u00f1or y gu\u00eda de nuestra historia\u201d.<\/p>\n\n\n\n<p>Los prelados destacaron que los tiempos del Concilio de Nicea tambi\u00e9n estuvieron marcados por conflictos, pero aseguraron que levantar la mirada hacia Jesucristo fortalece a la Iglesia ante los desaf\u00edos actuales.<\/p>\n\n\n\n<h5 class=\"wp-block-heading\"><strong><em>Llamado a fortalecer la democracia y la justicia<\/em><\/strong><\/h5>\n\n\n\n<p>Los obispos pidieron superar los obst\u00e1culos que debilitan los valores democr\u00e1ticos. \u201cDeseamos que se fortalezcan la libertad, la paz y la justicia, en pleno respeto a la dignidad de todas las personas\u201d, indicaron, citando la exhortaci\u00f3n apost\u00f3lica Dilexi te.<\/p>\n\n\n\n<h5 class=\"wp-block-heading\"><em><strong>Preocupaci\u00f3n por el da\u00f1o ambiental<\/strong><\/em><\/h5>\n\n\n\n<p>En la nota tambi\u00e9n expresaron su preocupaci\u00f3n por el deterioro ambiental. Afirmaron que \u201cduele el clamor de las comunidades\u201d afectadas por el extractivismo depredador, especialmente la miner\u00eda, que \u201cdevasta, contamina, secuestra el agua y restringe el acceso a los bienes comunes\u201d. Recordaron, citando el Documento de Aparecida, que esta explotaci\u00f3n deja \u201cuna estela de dilapidaci\u00f3n e incluso de muerte\u201d.<\/p>\n\n\n\n<h5 class=\"wp-block-heading\"><em><strong>Compromiso con los j\u00f3venes<\/strong><\/em><\/h5>\n\n\n\n<p>Los obispos se\u00f1alaron que la evangelizaci\u00f3n y la pastoral vocacional deben ser prioridades en una regi\u00f3n mayoritariamente joven. \u201cNo solo el futuro, sino el presente de nuestra misi\u00f3n depende de su repercusi\u00f3n en la infancia, adolescencia y juventud\u201d, advirtieron. Tambi\u00e9n insistieron en la importancia de entornos educativos que transmitan la identidad cristiana, recordando que \u201cla verdadera educaci\u00f3n busca la formaci\u00f3n integral de la persona\u201d (Gravissimum Educationis).<\/p>\n\n\n\n<h5 class=\"wp-block-heading\"><em><strong>Migraci\u00f3n: un desaf\u00edo persistente<\/strong><\/em><\/h5>\n\n\n\n<p>Los obispos reconocieron que la migraci\u00f3n forzada contin\u00faa afectando a miles de familias. Destacaron el acompa\u00f1amiento de la Red CLAMOR y reiteraron la cercan\u00eda de la Iglesia tanto con quienes salen como con quienes llegan a la regi\u00f3n. Tambi\u00e9n recordaron a los migrantes ya establecidos en otros pa\u00edses, quienes \u201caportan su trabajo, pero sufren incertidumbre o rechazo\u201d.<\/p>\n\n\n\n<p><strong><em>Compromiso final<\/em><\/strong><\/p>\n\n\n\n<p>En su mensaje de clausura, los obispos del SEDAC reafirmaron su compromiso con una conversi\u00f3n sinodal que fortalezca la centralidad de Jesucristo. \u201cExpresamos la alegr\u00eda de caminar juntos en el seguimiento de Jesucristo, el Hijo del Padre, que sostiene nuestra esperanza\u201d, concluyeron, impartiendo su bendici\u00f3n y expresando su afecto al pueblo de Dios.<\/p>\n","protected":false},"excerpt":{"rendered":"<p>En la 83\u00aa Asamblea del\u00a0SEDAC, los obispos de Centroam\u00e9rica concluyeron una semana de reflexi\u00f3n pastoral y comuni\u00f3n eclesial con un llamado a los fieles a mantener su confianza en Jesucristo al iniciar el tiempo de Adviento y acercarse la clausura del A\u00f1o Jubilar. \u201cRenovamos nuestra fe en Cristo, la esperanza que no defrauda\u201d, afirmaron. Durante [&hellip;]<\/p>\n","protected":false},"author":2,"featured_media":2428,"comment_status":"closed","ping_status":"open","sticky":false,"template":"","format":"standard","meta":{"_seopress_robots_primary_cat":"","_seopress_titles_title":"","_seopress_titles_desc":"","_seopress_robots_index":"","footnotes":""},"categories":[1],"tags":[],"class_list":["post-2427","post","type-post","status-publish","format-standard","has-post-thumbnail","hentry","category-sin-categoria"],"_links":{"self":[{"href":"https:\/\/girasolmultimedios.com\/portal\/wp-json\/wp\/v2\/posts\/2427","targetHints":{"allow":["GET"]}}],"collection":[{"href":"https:\/\/girasolmultimedios.com\/portal\/wp-json\/wp\/v2\/posts"}],"about":[{"href":"https:\/\/girasolmultimedios.com\/portal\/wp-json\/wp\/v2\/types\/post"}],"author":[{"embeddable":true,"href":"https:\/\/girasolmultimedios.com\/portal\/wp-json\/wp\/v2\/users\/2"}],"replies":[{"embeddable":true,"href":"https:\/\/girasolmultimedios.com\/portal\/wp-json\/wp\/v2\/comments?post=2427"}],"version-history":[{"count":1,"href":"https:\/\/girasolmultimedios.com\/portal\/wp-json\/wp\/v2\/posts\/2427\/revisions"}],"predecessor-version":[{"id":2429,"href":"https:\/\/girasolmultimedios.com\/portal\/wp-json\/wp\/v2\/posts\/2427\/revisions\/2429"}],"wp:featuredmedia":[{"embeddable":true,"href":"https:\/\/girasolmultimedios.com\/portal\/wp-json\/wp\/v2\/media\/2428"}],"wp:attachment":[{"href":"https:\/\/girasolmultimedios.com\/portal\/wp-json\/wp\/v2\/media?parent=2427"}],"wp:term":[{"taxonomy":"category","embeddable":true,"href":"https:\/\/girasolmultimedios.com\/portal\/wp-json\/wp\/v2\/categories?post=2427"},{"taxonomy":"post_tag","embeddable":true,"href":"https:\/\/girasolmultimedios.com\/portal\/wp-json\/wp\/v2\/tags?post=2427"}],"curies":[{"name":"wp","href":"https:\/\/api.w.org\/{rel}","templated":true}]}}