{"id":2446,"date":"2025-11-28T10:12:06","date_gmt":"2025-11-28T16:12:06","guid":{"rendered":"https:\/\/girasolmultimedios.com\/portal\/?p=2446"},"modified":"2025-11-28T10:12:07","modified_gmt":"2025-11-28T16:12:07","slug":"cafe-hondureno-mantiene-acceso-al-mercado-tras-retraso-de-ley-de-deforestacion","status":"publish","type":"post","link":"https:\/\/girasolmultimedios.com\/portal\/cafe-hondureno-mantiene-acceso-al-mercado-tras-retraso-de-ley-de-deforestacion\/","title":{"rendered":"Caf\u00e9 hondure\u00f1o mantiene acceso al mercado tras retraso de ley de deforestaci\u00f3n"},"content":{"rendered":"\n<p>La Asociaci\u00f3n de Exportadores de Caf\u00e9 de Honduras (Adecafeh) celebr\u00f3 este jueves la decisi\u00f3n del Parlamento Europeo de retrasar un a\u00f1o la entrada en vigor del Reglamento sobre Deforestaci\u00f3n, lo que permitir\u00e1 al pa\u00eds adaptar procesos y garantizar el cumplimiento de los requisitos que permiten mantener el acceso a ese mercado.<\/p>\n\n\n\n<p>El presidente de Adecafeh, Basilio Fuschich, indic\u00f3 que la ampliaci\u00f3n del plazo permitir\u00e1 incorporar al 100% de los productores hondure\u00f1os a la base de datos exigida por la UE y asegurar que todo el caf\u00e9 exportado cumpla los est\u00e1ndares de cero deforestaciones.<\/p>\n\n\n\n<p>\u201cEstamos muy contentos porque tenemos un a\u00f1o m\u00e1s para dar fiel cumplimiento e ingresar el 100 % del caf\u00e9 bajo esta normativa\u201d, subray\u00f3.<\/p>\n\n\n\n<p>Fuschich explic\u00f3 que la normativa europea clasifica a los pa\u00edses productores en categor\u00edas de riesgo bajo, medio o alto, y que la pr\u00f3rroga facilitar\u00e1 la consolidaci\u00f3n del proceso de verificaci\u00f3n sin afectar las exportaciones hacia Europa, que absorbi\u00f3 el 54 % de las exportaciones de caf\u00e9 hondure\u00f1o en 2024.<\/p>\n\n\n\n<p>\u201cLa exportaci\u00f3n de caf\u00e9 a Europa va a ser normal como en a\u00f1os anteriores, esa es la gran ventaja que tenemos\u201d, a\u00f1adi\u00f3.<\/p>\n\n\n\n<p>El pleno de la Euroc\u00e1mara, con el respaldo del Partido Popular Europeo (PPE) y de grupos de ultraderecha, aprob\u00f3 el mi\u00e9rcoles posponer hasta el 30 de diciembre de 2026 la aplicaci\u00f3n de la ley que busca evitar la deforestaci\u00f3n ligada al consumo europeo de productos como ganado, cacao, caf\u00e9 y madera.<\/p>\n\n\n\n<p>La iniciativa obtuvo 402 votos a favor, 250 en contra y 8 abstenciones, y se aline\u00f3 con la posici\u00f3n del Consejo de la UE. La normativa ya hab\u00eda sido aplazada un a\u00f1o el a\u00f1o pasado tras intensas presiones de distintos pa\u00edses y sectores afectados.<\/p>\n\n\n\n<p>Fuschich destac\u00f3 que la cosecha actual de caf\u00e9 hondure\u00f1o muestra un desempe\u00f1o superior, con m\u00e1s de 170,000 quintales (sacos de 46 kilos) exportados hasta la fecha, frente a los 68.000 registrados en el mismo per\u00edodo del a\u00f1o pasado.<\/p>\n\n\n\n<p>Agreg\u00f3 que el precio promedio tambi\u00e9n aument\u00f3 significativamente, pasando de 252 d\u00f3lares por saco a 358 d\u00f3lares este a\u00f1o.<\/p>\n\n\n\n<p>Gracias a este repunte, las divisas generadas ascendieron a m\u00e1s de 55 millones de d\u00f3lares, frente a los 16 millones registrados en el mismo punto de la temporada 2023-2024.<\/p>\n\n\n\n<p>\u201cEstamos muy felices y muy contentos; el precio es alto, estamos generando bastantes divisas y exportando mucho m\u00e1s caf\u00e9\u201d, afirm\u00f3 Fuschich<em><strong>.&nbsp;<\/strong><\/em><\/p>\n","protected":false},"excerpt":{"rendered":"<p>La Asociaci\u00f3n de Exportadores de Caf\u00e9 de Honduras (Adecafeh) celebr\u00f3 este jueves la decisi\u00f3n del Parlamento Europeo de retrasar un a\u00f1o la entrada en vigor del Reglamento sobre Deforestaci\u00f3n, lo que permitir\u00e1 al pa\u00eds adaptar procesos y garantizar el cumplimiento de los requisitos que permiten mantener el acceso a ese mercado. El presidente de Adecafeh, [&hellip;]<\/p>\n","protected":false},"author":2,"featured_media":2447,"comment_status":"closed","ping_status":"open","sticky":false,"template":"","format":"standard","meta":{"_seopress_robots_primary_cat":"","_seopress_titles_title":"","_seopress_titles_desc":"","_seopress_robots_index":"","footnotes":""},"categories":[1],"tags":[],"class_list":["post-2446","post","type-post","status-publish","format-standard","has-post-thumbnail","hentry","category-sin-categoria"],"_links":{"self":[{"href":"https:\/\/girasolmultimedios.com\/portal\/wp-json\/wp\/v2\/posts\/2446","targetHints":{"allow":["GET"]}}],"collection":[{"href":"https:\/\/girasolmultimedios.com\/portal\/wp-json\/wp\/v2\/posts"}],"about":[{"href":"https:\/\/girasolmultimedios.com\/portal\/wp-json\/wp\/v2\/types\/post"}],"author":[{"embeddable":true,"href":"https:\/\/girasolmultimedios.com\/portal\/wp-json\/wp\/v2\/users\/2"}],"replies":[{"embeddable":true,"href":"https:\/\/girasolmultimedios.com\/portal\/wp-json\/wp\/v2\/comments?post=2446"}],"version-history":[{"count":1,"href":"https:\/\/girasolmultimedios.com\/portal\/wp-json\/wp\/v2\/posts\/2446\/revisions"}],"predecessor-version":[{"id":2448,"href":"https:\/\/girasolmultimedios.com\/portal\/wp-json\/wp\/v2\/posts\/2446\/revisions\/2448"}],"wp:featuredmedia":[{"embeddable":true,"href":"https:\/\/girasolmultimedios.com\/portal\/wp-json\/wp\/v2\/media\/2447"}],"wp:attachment":[{"href":"https:\/\/girasolmultimedios.com\/portal\/wp-json\/wp\/v2\/media?parent=2446"}],"wp:term":[{"taxonomy":"category","embeddable":true,"href":"https:\/\/girasolmultimedios.com\/portal\/wp-json\/wp\/v2\/categories?post=2446"},{"taxonomy":"post_tag","embeddable":true,"href":"https:\/\/girasolmultimedios.com\/portal\/wp-json\/wp\/v2\/tags?post=2446"}],"curies":[{"name":"wp","href":"https:\/\/api.w.org\/{rel}","templated":true}]}}