{"id":2458,"date":"2025-12-01T06:23:38","date_gmt":"2025-12-01T12:23:38","guid":{"rendered":"https:\/\/girasolmultimedios.com\/portal\/?p=2458"},"modified":"2025-12-01T06:23:39","modified_gmt":"2025-12-01T12:23:39","slug":"sri-lanka-eleva-a-334-los-muertos-y-370-los-desaparecidos-por-las-fuertes-inundaciones","status":"publish","type":"post","link":"https:\/\/girasolmultimedios.com\/portal\/sri-lanka-eleva-a-334-los-muertos-y-370-los-desaparecidos-por-las-fuertes-inundaciones\/","title":{"rendered":"Sri Lanka eleva a 334 los muertos y 370 los desaparecidos por las fuertes inundaciones"},"content":{"rendered":"\n<p>Sri Lanka elev\u00f3 este lunes a 334 los muertos y 370 los desaparecidos por las devastadoras inundaciones y deslizamientos de tierra que golpean el pa\u00eds desde hace d\u00edas, en lo que el Gobierno ha descrito como la peor cat\u00e1strofe natural de su historia reciente.<\/p>\n\n\n\n<p>Seg\u00fan las \u00faltimas cifras del Centro de Gesti\u00f3n de Desastres (DMC), las lluvias torrenciales han dejado adem\u00e1s m\u00e1s de 1,1 millones de personas afectadas y 196.790 desplazadas, obligadas a abandonar sus hogares mientras las autoridades habilitan centenares de centros de acogida temporal en todo el pa\u00eds.<\/p>\n\n\n\n<p>Las lluvias extremas fueron provocadas por el cicl\u00f3n Ditwah, que en los \u00faltimos d\u00edas ha descargado precipitaciones r\u00e9cord sobre gran parte del pa\u00eds, desencadenando inundaciones s\u00fabitas y deslizamientos de tierra en varias provincias, aislando comunidades enteras.<\/p>\n\n\n\n<p>El presidente Anura Kumara Dissanayake afirm\u00f3 que Sri Lanka enfrenta \u00abel mayor desastre natural\u00bb de su historia reciente y \u00abla operaci\u00f3n de rescate m\u00e1s dif\u00edcil jam\u00e1s emprendida\u00bb, al tiempo que pidi\u00f3 unidad nacional para superar la\u00a0emergencia.<\/p>\n\n\n\n<h2 class=\"wp-block-heading\" id=\"h-fondo-especial-para-la-reconstruccion\">Fondo especial para la reconstrucci\u00f3n<\/h2>\n\n\n\n<p>En su mensaje, Dissanayake anunci\u00f3 la creaci\u00f3n de un fondo especial para la reconstrucci\u00f3n y para agilizar la llegada de ayuda, as\u00ed como el despliegue de recursos para restaurar servicios esenciales como electricidad, agua, comunicaciones y carreteras.<\/p>\n\n\n\n<p>\u00abVamos a reconstruir una naci\u00f3n mejor que la que exist\u00eda antes. Incluso si debemos empezar desde cero, estamos preparados\u00bb, afirm\u00f3 en un discurso televisado a la naci\u00f3n la noche del domingo.<\/p>\n\n\n\n<p>El Ministerio de Asuntos Exteriores esrilanqu\u00e9s inform\u00f3 de la creaci\u00f3n de una Unidad de Coordinaci\u00f3n de Emergencia para centralizar las donaciones y facilitar el contacto entre esrilanqueses en el exterior y sus familiares en zonas afectadas.<\/p>\n\n\n\n<p>La comunidad internacional ha intensificado su apoyo en las \u00faltimas horas. La India, Jap\u00f3n, Turqu\u00eda y Estados Unidos contin\u00faan enviando asistencia y equipos de rescate, mientras que China anunci\u00f3 un paquete adicional de ayuda de 100.000 d\u00f3lares en apoyo urgente a trav\u00e9s de la Cruz Roja china.<\/p>\n\n\n\n<p>El cicl\u00f3n, formado en el golfo de Bengala, se desplaza paralelo a la costa sur de la India y permanece muy activo sobre la bah\u00eda de Bengala, seg\u00fan inform\u00f3 este lunes el Departamento Meteorol\u00f3gico de la India (IMD).<\/p>\n\n\n\n<h2 class=\"wp-block-heading\" id=\"h-brotes-infecciosos\">Brotes infecciosos<\/h2>\n\n\n\n<p>Las autoridades alertan de un aumento del riesgo de enfermedades infecciosas a medida que las aguas retroceden y dejan extensas zonas cubiertas de lodo y agua contaminada.<\/p>\n\n\n\n<p>Las autoridades sanitarias advirtieron de un incremento del riesgo de dengue, diarrea y leptospirosis en los pr\u00f3ximos d\u00edas, tras la acumulaci\u00f3n de lodo, basuras y dep\u00f3sitos de agua estancada, mientras informaron de que varias localidades permanecen a\u00fan sin acceso por tierra. EFE<\/p>\n","protected":false},"excerpt":{"rendered":"<p>Sri Lanka elev\u00f3 este lunes a 334 los muertos y 370 los desaparecidos por las devastadoras inundaciones y deslizamientos de tierra que golpean el pa\u00eds desde hace d\u00edas, en lo que el Gobierno ha descrito como la peor cat\u00e1strofe natural de su historia reciente. Seg\u00fan las \u00faltimas cifras del Centro de Gesti\u00f3n de Desastres (DMC), [&hellip;]<\/p>\n","protected":false},"author":2,"featured_media":2459,"comment_status":"closed","ping_status":"open","sticky":false,"template":"","format":"standard","meta":{"_seopress_robots_primary_cat":"","_seopress_titles_title":"","_seopress_titles_desc":"","_seopress_robots_index":"","footnotes":""},"categories":[45],"tags":[],"class_list":["post-2458","post","type-post","status-publish","format-standard","has-post-thumbnail","hentry","category-internacionales"],"_links":{"self":[{"href":"https:\/\/girasolmultimedios.com\/portal\/wp-json\/wp\/v2\/posts\/2458","targetHints":{"allow":["GET"]}}],"collection":[{"href":"https:\/\/girasolmultimedios.com\/portal\/wp-json\/wp\/v2\/posts"}],"about":[{"href":"https:\/\/girasolmultimedios.com\/portal\/wp-json\/wp\/v2\/types\/post"}],"author":[{"embeddable":true,"href":"https:\/\/girasolmultimedios.com\/portal\/wp-json\/wp\/v2\/users\/2"}],"replies":[{"embeddable":true,"href":"https:\/\/girasolmultimedios.com\/portal\/wp-json\/wp\/v2\/comments?post=2458"}],"version-history":[{"count":1,"href":"https:\/\/girasolmultimedios.com\/portal\/wp-json\/wp\/v2\/posts\/2458\/revisions"}],"predecessor-version":[{"id":2460,"href":"https:\/\/girasolmultimedios.com\/portal\/wp-json\/wp\/v2\/posts\/2458\/revisions\/2460"}],"wp:featuredmedia":[{"embeddable":true,"href":"https:\/\/girasolmultimedios.com\/portal\/wp-json\/wp\/v2\/media\/2459"}],"wp:attachment":[{"href":"https:\/\/girasolmultimedios.com\/portal\/wp-json\/wp\/v2\/media?parent=2458"}],"wp:term":[{"taxonomy":"category","embeddable":true,"href":"https:\/\/girasolmultimedios.com\/portal\/wp-json\/wp\/v2\/categories?post=2458"},{"taxonomy":"post_tag","embeddable":true,"href":"https:\/\/girasolmultimedios.com\/portal\/wp-json\/wp\/v2\/tags?post=2458"}],"curies":[{"name":"wp","href":"https:\/\/api.w.org\/{rel}","templated":true}]}}