{"id":2470,"date":"2025-12-01T09:46:08","date_gmt":"2025-12-01T15:46:08","guid":{"rendered":"https:\/\/girasolmultimedios.com\/portal\/?p=2470"},"modified":"2025-12-01T09:46:08","modified_gmt":"2025-12-01T15:46:08","slug":"roberto-contreras-lidera-ampliamente-resultados-preliminares-en-san-pedro-sula","status":"publish","type":"post","link":"https:\/\/girasolmultimedios.com\/portal\/roberto-contreras-lidera-ampliamente-resultados-preliminares-en-san-pedro-sula\/","title":{"rendered":"Roberto Contreras lidera ampliamente resultados preliminares en San Pedro Sula"},"content":{"rendered":"\n<p>Seg\u00fan datos oficiales del Consejo Nacional Electoral (CNE), con 698 actas procesadas de un total de 1,519, el alcalde y candidato a la reelecci\u00f3n, Roberto Contreras Mendoza, encabeza con una ventaja significativa los resultados preliminares para la alcald\u00eda de San Pedro Sula.<\/p>\n\n\n\n<p>Los datos muestran que Contreras acumula el 75.56 % de los votos, equivalente a 87,400 sufragios, lo que lo posiciona con claridad sobre sus competidores. En segundo lugar aparece el candidato del Partido Nacional, con un 13.49 % (15,605 votos), mientras que el aspirante del Partido Libertad y Refundaci\u00f3n (Libre) se ubica en el tercer puesto con un 9.96 %, es decir, 11,526 votos.<\/p>\n\n\n\n<p>En cuarta posici\u00f3n figura el Partido Dem\u00f3crata Cristiano (DC) con 734 votos (0.63 %), seguido por otra candidatura del mismo instituto pol\u00edtico, que registra 390 votos (0.33 %). Adem\u00e1s, el CNE report\u00f3 1,758 votos en blanco y 2,551 nulos.<\/p>\n\n\n\n<p>\u201cHa ganado la democracia en Honduras\u201d, afirma Contreras<\/p>\n\n\n\n<p><br>Tras conocer las cifras preliminares, Roberto Contreras asegur\u00f3 que \u201cha ganado la democracia en Honduras\u201d y afirm\u00f3 sentirse \u201cm\u00e1s comprometido que nunca\u201d con la poblaci\u00f3n sampedrana. Reiter\u00f3 que continuar\u00e1 siendo un alcalde cercano al pueblo, manteniendo su estilo de gesti\u00f3n directa y sin guardaespaldas.<\/p>\n\n\n\n<p>Asimismo, se\u00f1al\u00f3 que su objetivo es no convertirse en \u201cel protagonista de una pel\u00edcula que empieza bien y termina mal\u201d, por lo que se comprometi\u00f3 a redoblar esfuerzos en su segundo per\u00edodo.<\/p>\n\n\n\n<p>Seg\u00fan las proyecciones, en la pr\u00f3xima corporaci\u00f3n municipal el Partido Nacional y Libre solo obtendr\u00edan un regidor cada uno, mientras que el resto podr\u00eda conformarse con representantes de otras fuerzas minoritarias.<\/p>\n\n\n\n<p>Respecto al panorama nacional, Contreras asegur\u00f3 que \u201cla moneda sigue en el aire\u201d, haciendo referencia a la estrecha diferencia entre el candidato liberal Salvador Nasralla y el aspirante del Partido Nacional Nasry Asfura en la contienda por la Presidencia de la Rep\u00fablica.<\/p>\n\n\n\n<p>El CNE continuar\u00e1 actualizando los resultados conforme avance el escrutinio de actas en todo el pa\u00eds.<\/p>\n","protected":false},"excerpt":{"rendered":"<p>Seg\u00fan datos oficiales del Consejo Nacional Electoral (CNE), con 698 actas procesadas de un total de 1,519, el alcalde y candidato a la reelecci\u00f3n, Roberto Contreras Mendoza, encabeza con una ventaja significativa los resultados preliminares para la alcald\u00eda de San Pedro Sula. Los datos muestran que Contreras acumula el 75.56 % de los votos, equivalente [&hellip;]<\/p>\n","protected":false},"author":2,"featured_media":2471,"comment_status":"closed","ping_status":"open","sticky":false,"template":"","format":"standard","meta":{"_seopress_robots_primary_cat":"","_seopress_titles_title":"","_seopress_titles_desc":"","_seopress_robots_index":"","footnotes":""},"categories":[1],"tags":[],"class_list":["post-2470","post","type-post","status-publish","format-standard","has-post-thumbnail","hentry","category-sin-categoria"],"_links":{"self":[{"href":"https:\/\/girasolmultimedios.com\/portal\/wp-json\/wp\/v2\/posts\/2470","targetHints":{"allow":["GET"]}}],"collection":[{"href":"https:\/\/girasolmultimedios.com\/portal\/wp-json\/wp\/v2\/posts"}],"about":[{"href":"https:\/\/girasolmultimedios.com\/portal\/wp-json\/wp\/v2\/types\/post"}],"author":[{"embeddable":true,"href":"https:\/\/girasolmultimedios.com\/portal\/wp-json\/wp\/v2\/users\/2"}],"replies":[{"embeddable":true,"href":"https:\/\/girasolmultimedios.com\/portal\/wp-json\/wp\/v2\/comments?post=2470"}],"version-history":[{"count":1,"href":"https:\/\/girasolmultimedios.com\/portal\/wp-json\/wp\/v2\/posts\/2470\/revisions"}],"predecessor-version":[{"id":2472,"href":"https:\/\/girasolmultimedios.com\/portal\/wp-json\/wp\/v2\/posts\/2470\/revisions\/2472"}],"wp:featuredmedia":[{"embeddable":true,"href":"https:\/\/girasolmultimedios.com\/portal\/wp-json\/wp\/v2\/media\/2471"}],"wp:attachment":[{"href":"https:\/\/girasolmultimedios.com\/portal\/wp-json\/wp\/v2\/media?parent=2470"}],"wp:term":[{"taxonomy":"category","embeddable":true,"href":"https:\/\/girasolmultimedios.com\/portal\/wp-json\/wp\/v2\/categories?post=2470"},{"taxonomy":"post_tag","embeddable":true,"href":"https:\/\/girasolmultimedios.com\/portal\/wp-json\/wp\/v2\/tags?post=2470"}],"curies":[{"name":"wp","href":"https:\/\/api.w.org\/{rel}","templated":true}]}}