{"id":2476,"date":"2025-12-01T09:49:21","date_gmt":"2025-12-01T15:49:21","guid":{"rendered":"https:\/\/girasolmultimedios.com\/portal\/?p=2476"},"modified":"2025-12-01T09:49:21","modified_gmt":"2025-12-01T15:49:21","slug":"quinceanero-muere-en-motocicleta-que-saco-a-escondidas-de-padres","status":"publish","type":"post","link":"https:\/\/girasolmultimedios.com\/portal\/quinceanero-muere-en-motocicleta-que-saco-a-escondidas-de-padres\/","title":{"rendered":"Quincea\u00f1ero muere en motocicleta que sac\u00f3 a escondidas de padres"},"content":{"rendered":"\n<p>Un quincea\u00f1ero muri\u00f3 tr\u00e1gicamente al ser atropellado con todo y la motocicleta que hab\u00eda sacado a escondidas de sus padres en una zona c\u00e9ntrica del municipio de Valle de \u00c1ngeles, Francisco Moraz\u00e1n.<\/p>\n\n\n\n<p>Se trata de V\u00edctor Manuel Rodr\u00edguez, residente y originario de donde perdi\u00f3 la vida, desafortunadamente.<\/p>\n\n\n\n<p>De acuerdo al informe preliminar, el s\u00e1bado a eso de las 7:00 de la noche, el adolescente fue brutalmente arrollado por un automotor, cuyo conductor ya est\u00e1 en custodia de agentes de la Direcci\u00f3n Nacional de Vialidad y Transporte (DNVT).<\/p>\n\n\n\n<p>Tras la muerte del muchacho se supo que, minutos antes hab\u00eda salido de su casa de habitaci\u00f3n, a escondidas y a bordo de la \u201cmoto\u201d.<\/p>\n\n\n\n<p>El 16 de noviembre pasado, la Direcci\u00f3n Nacional de Vialidad y Transporte lanz\u00f3 la campa\u00f1a \u201cNo corras el riesgo\u201d, dirigida a padres y tutores ante el aumento de menores que circulan en motocicletas sin autorizaci\u00f3n.<\/p>\n\n\n\n<p>La instituci\u00f3n tom\u00f3 esa medida tras un a\u00f1o especialmente tr\u00e1gico, en el que 170 menores murieron en accidentes viales mientras conduc\u00edan motos.<\/p>\n\n\n\n<p>La campa\u00f1a advierte que, con las nuevas disposiciones, el adulto responsable asumir\u00e1 las consecuencias legales si un menor provoca un accidente.<em><strong>&nbsp;<\/strong><\/em><\/p>\n","protected":false},"excerpt":{"rendered":"<p>Un quincea\u00f1ero muri\u00f3 tr\u00e1gicamente al ser atropellado con todo y la motocicleta que hab\u00eda sacado a escondidas de sus padres en una zona c\u00e9ntrica del municipio de Valle de \u00c1ngeles, Francisco Moraz\u00e1n. Se trata de V\u00edctor Manuel Rodr\u00edguez, residente y originario de donde perdi\u00f3 la vida, desafortunadamente. De acuerdo al informe preliminar, el s\u00e1bado a [&hellip;]<\/p>\n","protected":false},"author":2,"featured_media":2477,"comment_status":"closed","ping_status":"open","sticky":false,"template":"","format":"standard","meta":{"_seopress_robots_primary_cat":"","_seopress_titles_title":"","_seopress_titles_desc":"","_seopress_robots_index":"","footnotes":""},"categories":[1],"tags":[],"class_list":["post-2476","post","type-post","status-publish","format-standard","has-post-thumbnail","hentry","category-sin-categoria"],"_links":{"self":[{"href":"https:\/\/girasolmultimedios.com\/portal\/wp-json\/wp\/v2\/posts\/2476","targetHints":{"allow":["GET"]}}],"collection":[{"href":"https:\/\/girasolmultimedios.com\/portal\/wp-json\/wp\/v2\/posts"}],"about":[{"href":"https:\/\/girasolmultimedios.com\/portal\/wp-json\/wp\/v2\/types\/post"}],"author":[{"embeddable":true,"href":"https:\/\/girasolmultimedios.com\/portal\/wp-json\/wp\/v2\/users\/2"}],"replies":[{"embeddable":true,"href":"https:\/\/girasolmultimedios.com\/portal\/wp-json\/wp\/v2\/comments?post=2476"}],"version-history":[{"count":1,"href":"https:\/\/girasolmultimedios.com\/portal\/wp-json\/wp\/v2\/posts\/2476\/revisions"}],"predecessor-version":[{"id":2478,"href":"https:\/\/girasolmultimedios.com\/portal\/wp-json\/wp\/v2\/posts\/2476\/revisions\/2478"}],"wp:featuredmedia":[{"embeddable":true,"href":"https:\/\/girasolmultimedios.com\/portal\/wp-json\/wp\/v2\/media\/2477"}],"wp:attachment":[{"href":"https:\/\/girasolmultimedios.com\/portal\/wp-json\/wp\/v2\/media?parent=2476"}],"wp:term":[{"taxonomy":"category","embeddable":true,"href":"https:\/\/girasolmultimedios.com\/portal\/wp-json\/wp\/v2\/categories?post=2476"},{"taxonomy":"post_tag","embeddable":true,"href":"https:\/\/girasolmultimedios.com\/portal\/wp-json\/wp\/v2\/tags?post=2476"}],"curies":[{"name":"wp","href":"https:\/\/api.w.org\/{rel}","templated":true}]}}