{"id":2488,"date":"2025-12-01T09:58:19","date_gmt":"2025-12-01T15:58:19","guid":{"rendered":"https:\/\/girasolmultimedios.com\/portal\/?p=2488"},"modified":"2025-12-01T09:58:20","modified_gmt":"2025-12-01T15:58:20","slug":"cenaos-pronostica-un-lunes-con-clima-seco-y-lluvias-aisladas-en-honduras","status":"publish","type":"post","link":"https:\/\/girasolmultimedios.com\/portal\/cenaos-pronostica-un-lunes-con-clima-seco-y-lluvias-aisladas-en-honduras\/","title":{"rendered":"Cenaos pronostica un lunes con clima seco y lluvias aisladas en Honduras"},"content":{"rendered":"\n<p>El Centro de Estudios Atmosf\u00e9ricos, Oceanogr\u00e1ficos y S\u00edsmicos (Cenaos) de&nbsp;<a href=\"https:\/\/copeco.gob.hn\/\">Copeco<\/a>&nbsp;inform\u00f3 que este lunes prevalecer\u00e1n condiciones secas en la mayor parte del territorio nacional. Sin embargo, durante la tarde se anticipa el ingreso de humedad proveniente del mar Caribe, lo que podr\u00eda generar lluvias d\u00e9biles y aisladas en sectores de las regiones norte y oriente del pa\u00eds.<\/p>\n\n\n\n<p>El organismo detall\u00f3 que Honduras contin\u00faa bajo la influencia de la fase de la luna cuarto creciente. El oleaje ser\u00e1 de entre uno y tres pies tanto en el litoral Caribe como en el Golfo de Fonseca. La salida del sol est\u00e1 prevista para las 5:57 de la ma\u00f1ana y la puesta a las 5:19 de la tarde.<\/p>\n\n\n\n<p>En cuanto a las temperaturas, en la zona sur se registrar\u00e1n m\u00e1ximas de hasta 35 grados y m\u00ednimas de 24. En la zona central se esperan temperaturas entre 18 y 29 grados, mientras que en la zona norte oscilar\u00e1n entre los 22 y 31 grados.<\/p>\n\n\n\n<p>Tegucigalpa y el Distrito Central reportar\u00e1n una m\u00e1xima de 27 grados y una m\u00ednima de 17. En la zona occidental las temperaturas ir\u00e1n desde los 14 hasta los 30 grados.<\/p>\n\n\n\n<p>En la zona insular se esperan temperaturas entre 25 y 29 grados, y en la zona oriental los valores estar\u00e1n entre los 18 y 30 grados.<\/p>\n","protected":false},"excerpt":{"rendered":"<p>El Centro de Estudios Atmosf\u00e9ricos, Oceanogr\u00e1ficos y S\u00edsmicos (Cenaos) de&nbsp;Copeco&nbsp;inform\u00f3 que este lunes prevalecer\u00e1n condiciones secas en la mayor parte del territorio nacional. Sin embargo, durante la tarde se anticipa el ingreso de humedad proveniente del mar Caribe, lo que podr\u00eda generar lluvias d\u00e9biles y aisladas en sectores de las regiones norte y oriente del [&hellip;]<\/p>\n","protected":false},"author":2,"featured_media":2489,"comment_status":"closed","ping_status":"open","sticky":false,"template":"","format":"standard","meta":{"_seopress_robots_primary_cat":"","_seopress_titles_title":"","_seopress_titles_desc":"","_seopress_robots_index":"","footnotes":""},"categories":[1],"tags":[],"class_list":["post-2488","post","type-post","status-publish","format-standard","has-post-thumbnail","hentry","category-sin-categoria"],"_links":{"self":[{"href":"https:\/\/girasolmultimedios.com\/portal\/wp-json\/wp\/v2\/posts\/2488","targetHints":{"allow":["GET"]}}],"collection":[{"href":"https:\/\/girasolmultimedios.com\/portal\/wp-json\/wp\/v2\/posts"}],"about":[{"href":"https:\/\/girasolmultimedios.com\/portal\/wp-json\/wp\/v2\/types\/post"}],"author":[{"embeddable":true,"href":"https:\/\/girasolmultimedios.com\/portal\/wp-json\/wp\/v2\/users\/2"}],"replies":[{"embeddable":true,"href":"https:\/\/girasolmultimedios.com\/portal\/wp-json\/wp\/v2\/comments?post=2488"}],"version-history":[{"count":1,"href":"https:\/\/girasolmultimedios.com\/portal\/wp-json\/wp\/v2\/posts\/2488\/revisions"}],"predecessor-version":[{"id":2490,"href":"https:\/\/girasolmultimedios.com\/portal\/wp-json\/wp\/v2\/posts\/2488\/revisions\/2490"}],"wp:featuredmedia":[{"embeddable":true,"href":"https:\/\/girasolmultimedios.com\/portal\/wp-json\/wp\/v2\/media\/2489"}],"wp:attachment":[{"href":"https:\/\/girasolmultimedios.com\/portal\/wp-json\/wp\/v2\/media?parent=2488"}],"wp:term":[{"taxonomy":"category","embeddable":true,"href":"https:\/\/girasolmultimedios.com\/portal\/wp-json\/wp\/v2\/categories?post=2488"},{"taxonomy":"post_tag","embeddable":true,"href":"https:\/\/girasolmultimedios.com\/portal\/wp-json\/wp\/v2\/tags?post=2488"}],"curies":[{"name":"wp","href":"https:\/\/api.w.org\/{rel}","templated":true}]}}