{"id":2497,"date":"2025-12-02T09:33:58","date_gmt":"2025-12-02T15:33:58","guid":{"rendered":"https:\/\/girasolmultimedios.com\/portal\/?p=2497"},"modified":"2025-12-02T09:33:58","modified_gmt":"2025-12-02T15:33:58","slug":"quienes-entrarian-al-congreso-nuevas-tendencias-del-cne-revelan-sorpresas","status":"publish","type":"post","link":"https:\/\/girasolmultimedios.com\/portal\/quienes-entrarian-al-congreso-nuevas-tendencias-del-cne-revelan-sorpresas\/","title":{"rendered":"\u00bfQui\u00e9nes entrar\u00edan al Congreso? Nuevas tendencias del CNE revelan sorpresas"},"content":{"rendered":"\n<p>El Consejo Nacional Electoral (CNE) public\u00f3 una nueva actualizaci\u00f3n del escrutinio preliminar del nivel de diputados, correspondiente a las elecciones generales del domingo 30 de noviembre de 2025.<\/p>\n\n\n\n<p>Con m\u00e1s actas procesadas y el Sistema de Divulgaci\u00f3n de Resultados Preliminares en funcionamiento, comienzan a delinearse las primeras tendencias sobre qui\u00e9nes estar\u00edan liderando en cada departamento.<\/p>\n\n\n\n<p>Aunque los datos contin\u00faan siendo preliminares, reflejan una fotograf\u00eda del comportamiento del voto mientras avanza el procesamiento en los centros log\u00edsticos habilitados en todo el pa\u00eds.<\/p>\n\n\n\n<h3 class=\"wp-block-heading\"><strong>Francisco Moraz\u00e1n<\/strong><\/h3>\n\n\n\n<p>El departamento con mayor peso electoral muestra listas encabezadas por aspirantes del Partido Nacional, entre ellos:<\/p>\n\n\n\n<ul class=\"wp-block-list\">\n<li>Kilvett Zabdiel Jossua Bertrand<\/li>\n\n\n\n<li>Arnold Daniel Burgos Borjas<\/li>\n\n\n\n<li>Adolfo Raquel Pineda<\/li>\n\n\n\n<li>Lissi Marcela Matute Cano<\/li>\n\n\n\n<li>Johana Guicel Berm\u00fadez Lacayo<\/li>\n\n\n\n<li>Sara Elizabeth Estrada Zavala<\/li>\n\n\n\n<li>Mar\u00eda Jos\u00e9 Sosa Rosales<\/li>\n\n\n\n<li>Oswaldo Jos\u00e9 Ramos Aguilar<\/li>\n\n\n\n<li>Suyapa Seham Morales Valeriano<\/li>\n\n\n\n<li>Por el Partido Liberal figuran entre los m\u00e1s votados:<\/li>\n\n\n\n<li>Iroska Lindaly Elvir Flores<\/li>\n\n\n\n<li>Sarai Pamela Espinal L\u00f3pez<\/li>\n\n\n\n<li>Edgardo Rashid Mej\u00eda Giannini<\/li>\n\n\n\n<li>Jos\u00e9 Salom\u00f3n Nazar Ordo\u00f1ez<\/li>\n\n\n\n<li>Jhosy Saddam Toscano Ram\u00edrez<\/li>\n\n\n\n<li>Alia Ni\u00f1o Kafaty<\/li>\n\n\n\n<li>Luz Ernestina Mej\u00eda Portillo<\/li>\n\n\n\n<li>Mientras que por Libre destacan:<\/li>\n\n\n\n<li>Gustavo Enrique Gonz\u00e1lez Maldonado<\/li>\n\n\n\n<li>Kritza Jerlin P\u00e9rez Gallegos<\/li>\n\n\n\n<li>Lucy Michell Guerrero Paz<\/li>\n\n\n\n<li>Hugo Rolando No\u00e9 Pino<\/li>\n\n\n\n<li>Clara Marisabel L\u00f3pez P\u00e9rez<\/li>\n\n\n\n<li>Tambi\u00e9n avanzan Godofredo Fajardo Ram\u00edrez (DC) y Jos\u00e9 Carleton D\u00e1vila Mondrag\u00f3n (PINU).<\/li>\n<\/ul>\n\n\n\n<h3 class=\"wp-block-heading\"><strong>Cort\u00e9s<\/strong><\/h3>\n\n\n\n<p>El Partido Liberal domina ampliamente el listado preliminar con nombres como:<\/p>\n\n\n\n<ul class=\"wp-block-list\">\n<li>Carlos Uma\u00f1a<\/li>\n\n\n\n<li>Marlon Lara<\/li>\n\n\n\n<li>Gloria Meza<\/li>\n\n\n\n<li>Alejandra Vallecillo<\/li>\n\n\n\n<li>Sandra Coleman<\/li>\n\n\n\n<li>Fernando Castro Valle<\/li>\n\n\n\n<li>Thirsa L\u00f3pez<\/li>\n\n\n\n<li>Roberto Pineda Chac\u00f3n<\/li>\n\n\n\n<li>Wenceslao Lara<\/li>\n\n\n\n<li>Por el Partido Nacional destacan:<\/li>\n\n\n\n<li>Jos\u00e9 Jaar<\/li>\n\n\n\n<li>Roberto Cosenza<\/li>\n\n\n\n<li>Daisy Andonie<\/li>\n\n\n\n<li>Alberto Chedrani<\/li>\n\n\n\n<li>Cinthya Hawit<\/li>\n\n\n\n<li>Libre suma aspirantes como:<\/li>\n\n\n\n<li>Linda Donaire<\/li>\n\n\n\n<li>Scherly Arriaga<\/li>\n\n\n\n<li>Dunia Jim\u00e9nez<\/li>\n\n\n\n<li>El PINU y Democracia Cristiana tambi\u00e9n tienen presencia con Rolando Contreras y Osman Ch\u00e1vez.<\/li>\n<\/ul>\n\n\n\n<h3 class=\"wp-block-heading\"><strong>El Para\u00edso<\/strong><\/h3>\n\n\n\n<ul class=\"wp-block-list\">\n<li>Partido Nacional: Gustavo Gonz\u00e1lez, Walter Ch\u00e1vez y Hiudy Morales<\/li>\n\n\n\n<li>Partido Liberal: Pedro Mendoza<\/li>\n\n\n\n<li>Libre: John Milton Garc\u00eda y Ever Aguilar<\/li>\n<\/ul>\n\n\n\n<h4 class=\"wp-block-heading\"><strong>Atl\u00e1ntida<\/strong><\/h4>\n\n\n\n<ul class=\"wp-block-list\">\n<li>PN: Marco Midence, David Manaiza y Remberto Zavala<\/li>\n\n\n\n<li>PL: Alfonso Ordo\u00f1ez<\/li>\n\n\n\n<li>Libre: Jos\u00e9 Domingo Henr\u00edquez<\/li>\n<\/ul>\n\n\n\n<h3 class=\"wp-block-heading\"><strong>Choluteca<\/strong><\/h3>\n\n\n\n<ul class=\"wp-block-list\">\n<li>PN: Diler Mart\u00ednez, Carlos Ledezma, Ileana Vel\u00e1zquez y Javier Menj\u00eda<\/li>\n\n\n\n<li>Libre: Luis Ortega y Nidia Castillo<\/li>\n\n\n\n<li>PL: Yury Sabas, Jos\u00e9 Domingo Henr\u00edquez y Luis Fernando Coello<\/li>\n<\/ul>\n\n\n\n<h3 class=\"wp-block-heading\"><strong>Col\u00f3n<\/strong><\/h3>\n\n\n\n<ul class=\"wp-block-list\">\n<li>PN: Juan Alberto Sauceda y Ariana Banegeas<\/li>\n\n\n\n<li>PL: Tibdeo Elenchoff<\/li>\n\n\n\n<li>Libre: Marco Aurelio Maradiaga<\/li>\n<\/ul>\n\n\n\n<h3 class=\"wp-block-heading\"><strong>Gracias a Dios<\/strong><\/h3>\n\n\n\n<p>Partido Liberal: Erika Corina Urtecho Echeverr\u00eda<\/p>\n\n\n\n<h3 class=\"wp-block-heading\">Intibuc\u00e1<\/h3>\n\n\n\n<p>Partido Nacional: V\u00edctor Napole\u00f3n Amador y Genoveva Maravilla<\/p>\n\n\n\n<p>Libre: Mario Am\u00edlcar Portillo<\/p>\n\n\n\n<h3 class=\"wp-block-heading\"><strong>Islas de la Bah\u00eda<\/strong><\/h3>\n\n\n\n<p>Partido Nacional: Stephen Garrett Garc\u00eda Arch<\/p>\n\n\n\n<h3 class=\"wp-block-heading\"><strong>La Paz<\/strong><\/h3>\n\n\n\n<ul class=\"wp-block-list\">\n<li>Juan Jos\u00e9 Zer\u00f3n (PN)<\/li>\n\n\n\n<li>Allan Joel Padilla (PL)<\/li>\n\n\n\n<li>Bayron Banegas (Libre)<\/li>\n<\/ul>\n\n\n\n<h3 class=\"wp-block-heading\"><strong>Lempira<\/strong><\/h3>\n\n\n\n<ul class=\"wp-block-list\">\n<li>PN: Lenin Valeriano y Wilson Pineda<\/li>\n\n\n\n<li>Libre: Selvin Morales y Ryna V\u00e1squez<\/li>\n\n\n\n<li>PL: Marco Tulio Rodr\u00edguez<\/li>\n<\/ul>\n\n\n\n<h3 class=\"wp-block-heading\"><strong>Ocotepeque<\/strong><\/h3>\n\n\n\n<ul class=\"wp-block-list\">\n<li>PN: Tania Pinto<\/li>\n\n\n\n<li>PL: Fani Santos<\/li>\n<\/ul>\n\n\n\n<h3 class=\"wp-block-heading\"><strong>Olancho<\/strong><\/h3>\n\n\n\n<ul class=\"wp-block-list\">\n<li>PN: Karla Figueroa, \u00d3scar Rivera y Carlos Cano<\/li>\n\n\n\n<li>PL: Samuel Garc\u00eda<\/li>\n\n\n\n<li>Libre: Rafael Sarmiento, \u00c1ngel Sandoval y Marcos Lobo<\/li>\n<\/ul>\n\n\n\n<p><strong>Santa B\u00e1rbara<\/strong><\/p>\n\n\n\n<ul class=\"wp-block-list\">\n<li>PN: Marcos Paz y Mario P\u00e9rez<\/li>\n\n\n\n<li>PL: Jos\u00e9 Rolando Sabill\u00f3n<\/li>\n\n\n\n<li>Libre: Edgardo Casa\u00f1a, Sergio Castellanos y Germ\u00e1n Altamirano<\/li>\n<\/ul>\n\n\n\n<h3 class=\"wp-block-heading\"><strong>Valle<\/strong><\/h3>\n\n\n\n<ul class=\"wp-block-list\">\n<li>PN: Jos\u00e9 Tom\u00e1s Zambrano y Lesly Carolina Flores<\/li>\n\n\n\n<li>PL: Alex F. Zorto<\/li>\n\n\n\n<li>Libre: Josu\u00e9 Carbajal<\/li>\n<\/ul>\n\n\n\n<h4 class=\"wp-block-heading\"><strong>Yoro<\/strong><\/h4>\n\n\n\n<ul class=\"wp-block-list\">\n<li>PN: M\u00e1xima Burgos, Eder Mej\u00eda y Marco Tulio G\u00e1mez<\/li>\n\n\n\n<li>PL: Marco Tinoco, Gerlen Bonilla y Leonel L\u00f3pez<\/li>\n\n\n\n<li>Libre: Felipe Ponce, Jeniffer D\u00edaz y Melbi Ortiz<\/li>\n<\/ul>\n\n\n\n<p><strong>Comayagua<\/strong><\/p>\n\n\n\n<p>PN: Adri\u00e1n Josu\u00e9 Mart\u00ednez y Juan Carlos Vargas, los m\u00e1s votados preliminarmente.<\/p>\n\n\n\n<p>El CNE continuar\u00e1 actualizando los resultados en las pr\u00f3ximas horas, advirtiendo que las posiciones pueden variar conforme ingresan nuevas actas al sistema.<\/p>\n\n\n\n<p>El \u00f3rgano electoral reiter\u00f3 a la poblaci\u00f3n que consulte \u00fanicamente los portales oficiales para evitar desinformaci\u00f3n en este momento clave del proceso.<\/p>\n","protected":false},"excerpt":{"rendered":"<p>El Consejo Nacional Electoral (CNE) public\u00f3 una nueva actualizaci\u00f3n del escrutinio preliminar del nivel de diputados, correspondiente a las elecciones generales del domingo 30 de noviembre de 2025. Con m\u00e1s actas procesadas y el Sistema de Divulgaci\u00f3n de Resultados Preliminares en funcionamiento, comienzan a delinearse las primeras tendencias sobre qui\u00e9nes estar\u00edan liderando en cada departamento. [&hellip;]<\/p>\n","protected":false},"author":2,"featured_media":2498,"comment_status":"closed","ping_status":"open","sticky":false,"template":"","format":"standard","meta":{"_seopress_robots_primary_cat":"","_seopress_titles_title":"","_seopress_titles_desc":"","_seopress_robots_index":"","footnotes":""},"categories":[1],"tags":[],"class_list":["post-2497","post","type-post","status-publish","format-standard","has-post-thumbnail","hentry","category-sin-categoria"],"_links":{"self":[{"href":"https:\/\/girasolmultimedios.com\/portal\/wp-json\/wp\/v2\/posts\/2497","targetHints":{"allow":["GET"]}}],"collection":[{"href":"https:\/\/girasolmultimedios.com\/portal\/wp-json\/wp\/v2\/posts"}],"about":[{"href":"https:\/\/girasolmultimedios.com\/portal\/wp-json\/wp\/v2\/types\/post"}],"author":[{"embeddable":true,"href":"https:\/\/girasolmultimedios.com\/portal\/wp-json\/wp\/v2\/users\/2"}],"replies":[{"embeddable":true,"href":"https:\/\/girasolmultimedios.com\/portal\/wp-json\/wp\/v2\/comments?post=2497"}],"version-history":[{"count":1,"href":"https:\/\/girasolmultimedios.com\/portal\/wp-json\/wp\/v2\/posts\/2497\/revisions"}],"predecessor-version":[{"id":2499,"href":"https:\/\/girasolmultimedios.com\/portal\/wp-json\/wp\/v2\/posts\/2497\/revisions\/2499"}],"wp:featuredmedia":[{"embeddable":true,"href":"https:\/\/girasolmultimedios.com\/portal\/wp-json\/wp\/v2\/media\/2498"}],"wp:attachment":[{"href":"https:\/\/girasolmultimedios.com\/portal\/wp-json\/wp\/v2\/media?parent=2497"}],"wp:term":[{"taxonomy":"category","embeddable":true,"href":"https:\/\/girasolmultimedios.com\/portal\/wp-json\/wp\/v2\/categories?post=2497"},{"taxonomy":"post_tag","embeddable":true,"href":"https:\/\/girasolmultimedios.com\/portal\/wp-json\/wp\/v2\/tags?post=2497"}],"curies":[{"name":"wp","href":"https:\/\/api.w.org\/{rel}","templated":true}]}}