{"id":2503,"date":"2025-12-02T09:38:39","date_gmt":"2025-12-02T15:38:39","guid":{"rendered":"https:\/\/girasolmultimedios.com\/portal\/?p=2503"},"modified":"2025-12-02T09:38:39","modified_gmt":"2025-12-02T15:38:39","slug":"no-se-doblego-ante-la-injusticia-ebal-diaz-reacciona-a-liberacion-de-joh","status":"publish","type":"post","link":"https:\/\/girasolmultimedios.com\/portal\/no-se-doblego-ante-la-injusticia-ebal-diaz-reacciona-a-liberacion-de-joh\/","title":{"rendered":"\u00abNo se dobleg\u00f3 ante la injusticia\u00bb, Ebal D\u00edaz reacciona a liberaci\u00f3n de JOH"},"content":{"rendered":"\n<p>El exministro de la Presidencia,\u00a0Ebal D\u00edaz\u00a0reaccion\u00f3 este martes a la liberaci\u00f3n del expresidente Juan Orlando Hern\u00e1ndez (JOH), quien fue indultado por el mandatario estadounidense Donald Trump.<\/p>\n\n\n\n<h2 class=\"wp-block-heading\"><strong>BOP confirma liberaci\u00f3n de Juan Orlando Hern\u00e1ndez tras indulto de Trump<\/strong><\/h2>\n\n\n\n<p>El Bur\u00f3 Federal de Prisiones de Estados Unidos (BOP, por sus siglas en ingl\u00e9s) actualiz\u00f3 en su sitio oficial la informaci\u00f3n del expresidente hondure\u00f1o Juan Orlando Hern\u00e1ndez, quien ahora figura con fecha de liberaci\u00f3n al 1 de diciembre de 2025, pese a que anteriormente aparec\u00eda con una salida estimada para el a\u00f1o 2060, producto de su condena por delitos relacionados con narcotr\u00e1fico.<\/p>\n\n\n\n<p>La actualizaci\u00f3n coincide con el indulto presidencial anunciado por el presidente de Estados Unidos, Donald Trump, medida que puso fin de forma inmediata a la sentencia de Hern\u00e1ndez, quien guardaba prisi\u00f3n desde su extradici\u00f3n en abril de 2022 y su condena en febrero de 2024.<\/p>\n\n\n\n<p><\/p>\n","protected":false},"excerpt":{"rendered":"<p>El exministro de la Presidencia,\u00a0Ebal D\u00edaz\u00a0reaccion\u00f3 este martes a la liberaci\u00f3n del expresidente Juan Orlando Hern\u00e1ndez (JOH), quien fue indultado por el mandatario estadounidense Donald Trump. BOP confirma liberaci\u00f3n de Juan Orlando Hern\u00e1ndez tras indulto de Trump El Bur\u00f3 Federal de Prisiones de Estados Unidos (BOP, por sus siglas en ingl\u00e9s) actualiz\u00f3 en su sitio [&hellip;]<\/p>\n","protected":false},"author":2,"featured_media":2504,"comment_status":"closed","ping_status":"open","sticky":false,"template":"","format":"standard","meta":{"_seopress_robots_primary_cat":"","_seopress_titles_title":"","_seopress_titles_desc":"","_seopress_robots_index":"","footnotes":""},"categories":[1],"tags":[],"class_list":["post-2503","post","type-post","status-publish","format-standard","has-post-thumbnail","hentry","category-sin-categoria"],"_links":{"self":[{"href":"https:\/\/girasolmultimedios.com\/portal\/wp-json\/wp\/v2\/posts\/2503","targetHints":{"allow":["GET"]}}],"collection":[{"href":"https:\/\/girasolmultimedios.com\/portal\/wp-json\/wp\/v2\/posts"}],"about":[{"href":"https:\/\/girasolmultimedios.com\/portal\/wp-json\/wp\/v2\/types\/post"}],"author":[{"embeddable":true,"href":"https:\/\/girasolmultimedios.com\/portal\/wp-json\/wp\/v2\/users\/2"}],"replies":[{"embeddable":true,"href":"https:\/\/girasolmultimedios.com\/portal\/wp-json\/wp\/v2\/comments?post=2503"}],"version-history":[{"count":1,"href":"https:\/\/girasolmultimedios.com\/portal\/wp-json\/wp\/v2\/posts\/2503\/revisions"}],"predecessor-version":[{"id":2505,"href":"https:\/\/girasolmultimedios.com\/portal\/wp-json\/wp\/v2\/posts\/2503\/revisions\/2505"}],"wp:featuredmedia":[{"embeddable":true,"href":"https:\/\/girasolmultimedios.com\/portal\/wp-json\/wp\/v2\/media\/2504"}],"wp:attachment":[{"href":"https:\/\/girasolmultimedios.com\/portal\/wp-json\/wp\/v2\/media?parent=2503"}],"wp:term":[{"taxonomy":"category","embeddable":true,"href":"https:\/\/girasolmultimedios.com\/portal\/wp-json\/wp\/v2\/categories?post=2503"},{"taxonomy":"post_tag","embeddable":true,"href":"https:\/\/girasolmultimedios.com\/portal\/wp-json\/wp\/v2\/tags?post=2503"}],"curies":[{"name":"wp","href":"https:\/\/api.w.org\/{rel}","templated":true}]}}