{"id":2506,"date":"2025-12-02T09:41:25","date_gmt":"2025-12-02T15:41:25","guid":{"rendered":"https:\/\/girasolmultimedios.com\/portal\/?p=2506"},"modified":"2025-12-02T09:41:26","modified_gmt":"2025-12-02T15:41:26","slug":"desarticulan-celula-armada-de-la-pandilla-18-en-la-lima","status":"publish","type":"post","link":"https:\/\/girasolmultimedios.com\/portal\/desarticulan-celula-armada-de-la-pandilla-18-en-la-lima\/","title":{"rendered":"Desarticulan c\u00e9lula armada de la Pandilla 18 en La Lima"},"content":{"rendered":"\n<p>En una operaci\u00f3n de alto impacto contra el crimen organizado, fuerzas de seguridad desmantelaron una peligrosa c\u00e9lula de la Pandilla 18 durante un allanamiento de morada ejecutado en la colonia Jerusal\u00e9n, sector La Planeta, en La Lima, Cort\u00e9s.<\/p>\n\n\n\n<p>El operativo fue dirigido por la Direcci\u00f3n Policial Anti Maras y Pandillas Contra el Crimen Organizado (DIPAMPCO), con apoyo de la Unidad Metropolitana de Prevenci\u00f3n (UMEP-8) y la Direcci\u00f3n Nacional de Fuerzas Especiales (DNFE), logrando la captura de cinco integrantes de la estructura criminal, entre ellos dos menores de edad utilizados para sicariato y distribuci\u00f3n de droga.<\/p>\n\n\n\n<p>Entre los detenidos figura alias \u201cPirri\u201d, de 29 a\u00f1os, considerado un miembro de alto rango dentro de la pandilla (Hommie) y presunto responsable de coordinar programas de extorsi\u00f3n, sicariato y tr\u00e1fico de drogas.<br>Tambi\u00e9n fue capturado \u201cPeque\u00f1o Chele\u201d, con rango de \u201cPaisa\u201d, se\u00f1alado de recolectar dinero producto de la extorsi\u00f3n, y \u201cServero\u201d, clasificado como \u201cTraka\u201d y encargado de la venta y distribuci\u00f3n de estupefacientes.<\/p>\n\n\n\n<p>Los menores aprehendidos fueron identificados con los alias \u201cDarquiel\u201d, de 16 a\u00f1os, presunto gatillero dedicado al sicariato, y \u201cKlifor\u201d, de 14 a\u00f1os, se\u00f1alado de vender sustancias il\u00edcitas.<\/p>\n","protected":false},"excerpt":{"rendered":"<p>En una operaci\u00f3n de alto impacto contra el crimen organizado, fuerzas de seguridad desmantelaron una peligrosa c\u00e9lula de la Pandilla 18 durante un allanamiento de morada ejecutado en la colonia Jerusal\u00e9n, sector La Planeta, en La Lima, Cort\u00e9s. El operativo fue dirigido por la Direcci\u00f3n Policial Anti Maras y Pandillas Contra el Crimen Organizado (DIPAMPCO), [&hellip;]<\/p>\n","protected":false},"author":2,"featured_media":2507,"comment_status":"closed","ping_status":"open","sticky":false,"template":"","format":"standard","meta":{"_seopress_robots_primary_cat":"","_seopress_titles_title":"","_seopress_titles_desc":"","_seopress_robots_index":"","footnotes":""},"categories":[1],"tags":[],"class_list":["post-2506","post","type-post","status-publish","format-standard","has-post-thumbnail","hentry","category-sin-categoria"],"_links":{"self":[{"href":"https:\/\/girasolmultimedios.com\/portal\/wp-json\/wp\/v2\/posts\/2506","targetHints":{"allow":["GET"]}}],"collection":[{"href":"https:\/\/girasolmultimedios.com\/portal\/wp-json\/wp\/v2\/posts"}],"about":[{"href":"https:\/\/girasolmultimedios.com\/portal\/wp-json\/wp\/v2\/types\/post"}],"author":[{"embeddable":true,"href":"https:\/\/girasolmultimedios.com\/portal\/wp-json\/wp\/v2\/users\/2"}],"replies":[{"embeddable":true,"href":"https:\/\/girasolmultimedios.com\/portal\/wp-json\/wp\/v2\/comments?post=2506"}],"version-history":[{"count":1,"href":"https:\/\/girasolmultimedios.com\/portal\/wp-json\/wp\/v2\/posts\/2506\/revisions"}],"predecessor-version":[{"id":2508,"href":"https:\/\/girasolmultimedios.com\/portal\/wp-json\/wp\/v2\/posts\/2506\/revisions\/2508"}],"wp:featuredmedia":[{"embeddable":true,"href":"https:\/\/girasolmultimedios.com\/portal\/wp-json\/wp\/v2\/media\/2507"}],"wp:attachment":[{"href":"https:\/\/girasolmultimedios.com\/portal\/wp-json\/wp\/v2\/media?parent=2506"}],"wp:term":[{"taxonomy":"category","embeddable":true,"href":"https:\/\/girasolmultimedios.com\/portal\/wp-json\/wp\/v2\/categories?post=2506"},{"taxonomy":"post_tag","embeddable":true,"href":"https:\/\/girasolmultimedios.com\/portal\/wp-json\/wp\/v2\/tags?post=2506"}],"curies":[{"name":"wp","href":"https:\/\/api.w.org\/{rel}","templated":true}]}}