{"id":2518,"date":"2025-12-02T09:52:14","date_gmt":"2025-12-02T15:52:14","guid":{"rendered":"https:\/\/girasolmultimedios.com\/portal\/?p=2518"},"modified":"2025-12-02T09:52:49","modified_gmt":"2025-12-02T15:52:49","slug":"el-gobierno-de-maduro-suspende-la-actividad-aerocomercial-de-air-europa-en-venezuela","status":"publish","type":"post","link":"https:\/\/girasolmultimedios.com\/portal\/el-gobierno-de-maduro-suspende-la-actividad-aerocomercial-de-air-europa-en-venezuela\/","title":{"rendered":"El Gobierno de Maduro suspende la actividad aerocomercial de Air Europa en Venezuela"},"content":{"rendered":"\n<p>El Instituto Nacional de Aeron\u00e1utica Civil de&nbsp;<a href=\"https:\/\/es.wikipedia.org\/wiki\/Venezuela\">Venezuela<\/a>&nbsp;ha suspendido, desde el lunes, 1 de diciembre, a la aerol\u00ednea espa\u00f1ola Asir Europa de toda actividad aerocomercial, seg\u00fan han confirmado este martes a EFE fuentes del sector.<\/p>\n\n\n\n<p>Air Europa anunci\u00f3 el lunes que, de momento, iba a mantener canceladas sus operaciones en Venezuela hasta el pr\u00f3ximo d\u00eda 12 de diciembre y que iba a monitorizar la situaci\u00f3n actual \u00abde manera permanente\u00bb para prorrogar o no esta suspensi\u00f3n en funci\u00f3n de la evoluci\u00f3n del espacio a\u00e9reo venezolano.<\/p>\n","protected":false},"excerpt":{"rendered":"<p>El Instituto Nacional de Aeron\u00e1utica Civil de&nbsp;Venezuela&nbsp;ha suspendido, desde el lunes, 1 de diciembre, a la aerol\u00ednea espa\u00f1ola Asir Europa de toda actividad aerocomercial, seg\u00fan han confirmado este martes a EFE fuentes del sector. Air Europa anunci\u00f3 el lunes que, de momento, iba a mantener canceladas sus operaciones en Venezuela hasta el pr\u00f3ximo d\u00eda 12 [&hellip;]<\/p>\n","protected":false},"author":2,"featured_media":2522,"comment_status":"closed","ping_status":"open","sticky":false,"template":"","format":"standard","meta":{"_seopress_robots_primary_cat":"","_seopress_titles_title":"","_seopress_titles_desc":"","_seopress_robots_index":"","footnotes":""},"categories":[1],"tags":[],"class_list":["post-2518","post","type-post","status-publish","format-standard","has-post-thumbnail","hentry","category-sin-categoria"],"_links":{"self":[{"href":"https:\/\/girasolmultimedios.com\/portal\/wp-json\/wp\/v2\/posts\/2518","targetHints":{"allow":["GET"]}}],"collection":[{"href":"https:\/\/girasolmultimedios.com\/portal\/wp-json\/wp\/v2\/posts"}],"about":[{"href":"https:\/\/girasolmultimedios.com\/portal\/wp-json\/wp\/v2\/types\/post"}],"author":[{"embeddable":true,"href":"https:\/\/girasolmultimedios.com\/portal\/wp-json\/wp\/v2\/users\/2"}],"replies":[{"embeddable":true,"href":"https:\/\/girasolmultimedios.com\/portal\/wp-json\/wp\/v2\/comments?post=2518"}],"version-history":[{"count":2,"href":"https:\/\/girasolmultimedios.com\/portal\/wp-json\/wp\/v2\/posts\/2518\/revisions"}],"predecessor-version":[{"id":2523,"href":"https:\/\/girasolmultimedios.com\/portal\/wp-json\/wp\/v2\/posts\/2518\/revisions\/2523"}],"wp:featuredmedia":[{"embeddable":true,"href":"https:\/\/girasolmultimedios.com\/portal\/wp-json\/wp\/v2\/media\/2522"}],"wp:attachment":[{"href":"https:\/\/girasolmultimedios.com\/portal\/wp-json\/wp\/v2\/media?parent=2518"}],"wp:term":[{"taxonomy":"category","embeddable":true,"href":"https:\/\/girasolmultimedios.com\/portal\/wp-json\/wp\/v2\/categories?post=2518"},{"taxonomy":"post_tag","embeddable":true,"href":"https:\/\/girasolmultimedios.com\/portal\/wp-json\/wp\/v2\/tags?post=2518"}],"curies":[{"name":"wp","href":"https:\/\/api.w.org\/{rel}","templated":true}]}}