{"id":2550,"date":"2025-12-03T09:28:49","date_gmt":"2025-12-03T15:28:49","guid":{"rendered":"https:\/\/girasolmultimedios.com\/portal\/?p=2550"},"modified":"2025-12-03T09:28:49","modified_gmt":"2025-12-03T15:28:49","slug":"manifestantes-intentan-abrir-negocios-durante-protesta-contra-alcalde-de-sps","status":"publish","type":"post","link":"https:\/\/girasolmultimedios.com\/portal\/manifestantes-intentan-abrir-negocios-durante-protesta-contra-alcalde-de-sps\/","title":{"rendered":"Manifestantes intentan abrir negocios durante protesta contra alcalde de SPS"},"content":{"rendered":"\n<p>Las protestas registradas este mi\u00e9rcoles en el centro de San Pedro Sula escalaron a momentos de tensi\u00f3n luego de que algunos manifestantes intentaran abrir por la fuerza negocios de peque\u00f1os emprendedores y comerciantes de la zona.<\/p>\n\n\n\n<p>De acuerdo con versiones preliminares, los manifestantes ser\u00edan presuntos simpatizantes del partido Libertad y Refundaci\u00f3n (Libre), aunque esta informaci\u00f3n no ha sido confirmada oficialmente.<\/p>\n\n\n\n<p>Agentes de la Polic\u00eda Nacional llegaron al sitio para dispersar la protesta mediante el uso de gas lacrim\u00f3geno y posteriormente retomaron el control del \u00e1rea. Hasta esta tarde se reporta que al menos dos establecimientos resultaron afectados cuando los protestantes intentaron forzar su apertura.<\/p>\n\n\n\n<h3 class=\"wp-block-heading\"><strong>Bloqueos tambi\u00e9n en Yarumela, La Paz<\/strong><\/h3>\n\n\n\n<p>En Yarumela, departamento de La Paz, se registr\u00f3 otra protesta donde un grupo de personas \u2014identificados por pobladores como presuntos seguidores de Libre\u2014 mantiene bloqueada la carretera C7 a la altura del desv\u00edo hacia San Antonio y La Paz.<\/p>\n\n\n\n<p>Los manifestantes colocaron llantas y \u00e1rboles sobre la v\u00eda, adem\u00e1s de quemar material para impedir el paso de veh\u00edculos, provocando largas filas en ambos sentidos.<\/p>\n\n\n\n<p>Las autoridades a\u00fan no confirman si se enviar\u00e1 contingente policial para liberar la zona.<\/p>\n\n\n\n<p>La situaci\u00f3n ha generado preocupaci\u00f3n entre transportistas y ciudadanos debido a la creciente tensi\u00f3n poselectoral que se vive en diferentes puntos del pa\u00eds.<\/p>\n","protected":false},"excerpt":{"rendered":"<p>Las protestas registradas este mi\u00e9rcoles en el centro de San Pedro Sula escalaron a momentos de tensi\u00f3n luego de que algunos manifestantes intentaran abrir por la fuerza negocios de peque\u00f1os emprendedores y comerciantes de la zona. De acuerdo con versiones preliminares, los manifestantes ser\u00edan presuntos simpatizantes del partido Libertad y Refundaci\u00f3n (Libre), aunque esta informaci\u00f3n [&hellip;]<\/p>\n","protected":false},"author":2,"featured_media":2551,"comment_status":"closed","ping_status":"open","sticky":false,"template":"","format":"standard","meta":{"_seopress_robots_primary_cat":"","_seopress_titles_title":"","_seopress_titles_desc":"","_seopress_robots_index":"","footnotes":""},"categories":[1],"tags":[],"class_list":["post-2550","post","type-post","status-publish","format-standard","has-post-thumbnail","hentry","category-sin-categoria"],"_links":{"self":[{"href":"https:\/\/girasolmultimedios.com\/portal\/wp-json\/wp\/v2\/posts\/2550","targetHints":{"allow":["GET"]}}],"collection":[{"href":"https:\/\/girasolmultimedios.com\/portal\/wp-json\/wp\/v2\/posts"}],"about":[{"href":"https:\/\/girasolmultimedios.com\/portal\/wp-json\/wp\/v2\/types\/post"}],"author":[{"embeddable":true,"href":"https:\/\/girasolmultimedios.com\/portal\/wp-json\/wp\/v2\/users\/2"}],"replies":[{"embeddable":true,"href":"https:\/\/girasolmultimedios.com\/portal\/wp-json\/wp\/v2\/comments?post=2550"}],"version-history":[{"count":1,"href":"https:\/\/girasolmultimedios.com\/portal\/wp-json\/wp\/v2\/posts\/2550\/revisions"}],"predecessor-version":[{"id":2552,"href":"https:\/\/girasolmultimedios.com\/portal\/wp-json\/wp\/v2\/posts\/2550\/revisions\/2552"}],"wp:featuredmedia":[{"embeddable":true,"href":"https:\/\/girasolmultimedios.com\/portal\/wp-json\/wp\/v2\/media\/2551"}],"wp:attachment":[{"href":"https:\/\/girasolmultimedios.com\/portal\/wp-json\/wp\/v2\/media?parent=2550"}],"wp:term":[{"taxonomy":"category","embeddable":true,"href":"https:\/\/girasolmultimedios.com\/portal\/wp-json\/wp\/v2\/categories?post=2550"},{"taxonomy":"post_tag","embeddable":true,"href":"https:\/\/girasolmultimedios.com\/portal\/wp-json\/wp\/v2\/tags?post=2550"}],"curies":[{"name":"wp","href":"https:\/\/api.w.org\/{rel}","templated":true}]}}