{"id":2559,"date":"2025-12-03T09:34:07","date_gmt":"2025-12-03T15:34:07","guid":{"rendered":"https:\/\/girasolmultimedios.com\/portal\/?p=2559"},"modified":"2025-12-03T09:34:07","modified_gmt":"2025-12-03T15:34:07","slug":"trasladan-material-electoral-rumbo-al-cle-de-tegucigalpa","status":"publish","type":"post","link":"https:\/\/girasolmultimedios.com\/portal\/trasladan-material-electoral-rumbo-al-cle-de-tegucigalpa\/","title":{"rendered":"Trasladan material electoral rumbo al CLE de Tegucigalpa"},"content":{"rendered":"\n<p>La labor programada para antes, durante y despu\u00e9s del proceso electoral en este departamento, se finaliz\u00f3 ayer, con el traslado del material utilizado hacia las instalaciones del Centro Log\u00edstico Electoral (CLE) en la ciudad capital.<\/p>\n\n\n\n<p>Lo anterior lo confirm\u00f3 el general de Brigada, Armando Mart\u00ednez Rueda, quien fue el supervisor departamental del traslado de ida y regreso del material electoral usado el pasado 30 de noviembre.<\/p>\n\n\n\n<p>El oficial manifest\u00f3 que \u201cgracias a la excelente coordinaci\u00f3n con autoridades electorales del departamento de Choluteca, con las Fuerzas Armadas, no hubo incidentes ya que todo sali\u00f3 como estuvo planificado\u201d.<\/p>\n\n\n\n<p>Asimismo, dio a conocer que la cantidad de camiones y furgones que conformaron el convoy con resguardo militar, es la misma con retorno a la ciudad capital, donde tambi\u00e9n participaron los custodios electorales que dieron fe que el material electoral no fue adulterado.<\/p>\n\n\n\n<p>Mart\u00ednez Rueda dio a conocer que el convoy estuvo conformado por seis rastras, dos camiones, m\u00e1s los veh\u00edculos de seguridad, por lo que la velocidad fue moderada para evitar incidentes en la carretera.<a href=\"https:\/\/cdn.latribuna.hn\/wp-content\/uploads\/2025\/12\/trasladan-material-electoral-rumbo-al-cle-de-tegucigalpa-2.jpg\"><\/a><\/p>\n","protected":false},"excerpt":{"rendered":"<p>La labor programada para antes, durante y despu\u00e9s del proceso electoral en este departamento, se finaliz\u00f3 ayer, con el traslado del material utilizado hacia las instalaciones del Centro Log\u00edstico Electoral (CLE) en la ciudad capital. Lo anterior lo confirm\u00f3 el general de Brigada, Armando Mart\u00ednez Rueda, quien fue el supervisor departamental del traslado de ida [&hellip;]<\/p>\n","protected":false},"author":2,"featured_media":2560,"comment_status":"closed","ping_status":"open","sticky":false,"template":"","format":"standard","meta":{"_seopress_robots_primary_cat":"","_seopress_titles_title":"","_seopress_titles_desc":"","_seopress_robots_index":"","footnotes":""},"categories":[1],"tags":[],"class_list":["post-2559","post","type-post","status-publish","format-standard","has-post-thumbnail","hentry","category-sin-categoria"],"_links":{"self":[{"href":"https:\/\/girasolmultimedios.com\/portal\/wp-json\/wp\/v2\/posts\/2559","targetHints":{"allow":["GET"]}}],"collection":[{"href":"https:\/\/girasolmultimedios.com\/portal\/wp-json\/wp\/v2\/posts"}],"about":[{"href":"https:\/\/girasolmultimedios.com\/portal\/wp-json\/wp\/v2\/types\/post"}],"author":[{"embeddable":true,"href":"https:\/\/girasolmultimedios.com\/portal\/wp-json\/wp\/v2\/users\/2"}],"replies":[{"embeddable":true,"href":"https:\/\/girasolmultimedios.com\/portal\/wp-json\/wp\/v2\/comments?post=2559"}],"version-history":[{"count":1,"href":"https:\/\/girasolmultimedios.com\/portal\/wp-json\/wp\/v2\/posts\/2559\/revisions"}],"predecessor-version":[{"id":2561,"href":"https:\/\/girasolmultimedios.com\/portal\/wp-json\/wp\/v2\/posts\/2559\/revisions\/2561"}],"wp:featuredmedia":[{"embeddable":true,"href":"https:\/\/girasolmultimedios.com\/portal\/wp-json\/wp\/v2\/media\/2560"}],"wp:attachment":[{"href":"https:\/\/girasolmultimedios.com\/portal\/wp-json\/wp\/v2\/media?parent=2559"}],"wp:term":[{"taxonomy":"category","embeddable":true,"href":"https:\/\/girasolmultimedios.com\/portal\/wp-json\/wp\/v2\/categories?post=2559"},{"taxonomy":"post_tag","embeddable":true,"href":"https:\/\/girasolmultimedios.com\/portal\/wp-json\/wp\/v2\/tags?post=2559"}],"curies":[{"name":"wp","href":"https:\/\/api.w.org\/{rel}","templated":true}]}}