{"id":2568,"date":"2025-12-03T09:40:43","date_gmt":"2025-12-03T15:40:43","guid":{"rendered":"https:\/\/girasolmultimedios.com\/portal\/?p=2568"},"modified":"2025-12-03T09:40:44","modified_gmt":"2025-12-03T15:40:44","slug":"conmemoran-en-roatan-el-dia-mundial-del-vih","status":"publish","type":"post","link":"https:\/\/girasolmultimedios.com\/portal\/conmemoran-en-roatan-el-dia-mundial-del-vih\/","title":{"rendered":"Conmemoran en Roat\u00e1n el D\u00eda Mundial del VIH"},"content":{"rendered":"\n<p>La Regional de Salud de Roat\u00e1n conmemor\u00f3 el D\u00eda Mundial del VIH, una fecha que busca sensibilizar a la poblaci\u00f3n sobre la importancia de la prevenci\u00f3n, el diagn\u00f3stico temprano y el tratamiento oportuno de esa enfermedad.<\/p>\n\n\n\n<p>La jornada incluy\u00f3 charlas educativas dirigidas a j\u00f3venes, adultos y personal comunitario, en las que se abordaron temas clave como las formas de transmisi\u00f3n del virus, el uso correcto del preservativo, la importancia de realizarse pruebas peri\u00f3dicas y los avances m\u00e9dicos que permiten a las personas con VIH llevar una vida plena y saludable.<\/p>\n\n\n\n<p>Durante el evento, los asistentes recibieron el tradicional list\u00f3n rojo, s\u00edmbolo internacional de la lucha contra el VIH y el sida, como muestra de solidaridad hacia quienes viven con el virus y en memoria de quienes han fallecido a causa de la enfermedad.<\/p>\n\n\n\n<p>Adem\u00e1s, se comparti\u00f3 un pastel con los presentes, gesto que reforz\u00f3 el ambiente de uni\u00f3n y esperanza que caracteriz\u00f3 la actividad.<\/p>\n\n\n\n<p>Autoridades de salud destacaron que en Honduras se han registrado avances significativos en el acceso a tratamientos antirretrovirales, aunque persisten desaf\u00edos relacionados con la discriminaci\u00f3n y el estigma social.<\/p>\n\n\n\n<p>En ese sentido, se subray\u00f3 la necesidad de fortalecer la educaci\u00f3n comunitaria y garantizar que todas las personas tengan acceso a informaci\u00f3n veraz y servicios m\u00e9dicos de calidad.<\/p>\n\n\n\n<p>La Regional de Roat\u00e1n tambi\u00e9n aprovech\u00f3 la ocasi\u00f3n para anunciar la continuidad de campa\u00f1as de prevenci\u00f3n en escuelas y centros comunitarios, as\u00ed como la disponibilidad de pruebas r\u00e1pidas gratuitas en los establecimientos de salud.<\/p>\n\n\n\n<p>Estas acciones buscan reducir la incidencia de nuevos casos y promover una cultura de respeto hacia las personas que viven con VIH.<\/p>\n\n\n\n<p>El D\u00eda Mundial del VIH, instaurado por la Organizaci\u00f3n Mundial de la Salud en 1988, se conmemora cada a\u00f1o con el lema \u201cPoner fin a las desigualdades.<a href=\"https:\/\/cdn.latribuna.hn\/wp-content\/uploads\/2025\/12\/conmemoran-en-roatan-el-dia-mundial-del-vih-4.jpg\"><\/a><\/p>\n","protected":false},"excerpt":{"rendered":"<p>La Regional de Salud de Roat\u00e1n conmemor\u00f3 el D\u00eda Mundial del VIH, una fecha que busca sensibilizar a la poblaci\u00f3n sobre la importancia de la prevenci\u00f3n, el diagn\u00f3stico temprano y el tratamiento oportuno de esa enfermedad. La jornada incluy\u00f3 charlas educativas dirigidas a j\u00f3venes, adultos y personal comunitario, en las que se abordaron temas clave [&hellip;]<\/p>\n","protected":false},"author":2,"featured_media":2569,"comment_status":"closed","ping_status":"open","sticky":false,"template":"","format":"standard","meta":{"_seopress_robots_primary_cat":"","_seopress_titles_title":"","_seopress_titles_desc":"","_seopress_robots_index":"","footnotes":""},"categories":[1],"tags":[],"class_list":["post-2568","post","type-post","status-publish","format-standard","has-post-thumbnail","hentry","category-sin-categoria"],"_links":{"self":[{"href":"https:\/\/girasolmultimedios.com\/portal\/wp-json\/wp\/v2\/posts\/2568","targetHints":{"allow":["GET"]}}],"collection":[{"href":"https:\/\/girasolmultimedios.com\/portal\/wp-json\/wp\/v2\/posts"}],"about":[{"href":"https:\/\/girasolmultimedios.com\/portal\/wp-json\/wp\/v2\/types\/post"}],"author":[{"embeddable":true,"href":"https:\/\/girasolmultimedios.com\/portal\/wp-json\/wp\/v2\/users\/2"}],"replies":[{"embeddable":true,"href":"https:\/\/girasolmultimedios.com\/portal\/wp-json\/wp\/v2\/comments?post=2568"}],"version-history":[{"count":1,"href":"https:\/\/girasolmultimedios.com\/portal\/wp-json\/wp\/v2\/posts\/2568\/revisions"}],"predecessor-version":[{"id":2570,"href":"https:\/\/girasolmultimedios.com\/portal\/wp-json\/wp\/v2\/posts\/2568\/revisions\/2570"}],"wp:featuredmedia":[{"embeddable":true,"href":"https:\/\/girasolmultimedios.com\/portal\/wp-json\/wp\/v2\/media\/2569"}],"wp:attachment":[{"href":"https:\/\/girasolmultimedios.com\/portal\/wp-json\/wp\/v2\/media?parent=2568"}],"wp:term":[{"taxonomy":"category","embeddable":true,"href":"https:\/\/girasolmultimedios.com\/portal\/wp-json\/wp\/v2\/categories?post=2568"},{"taxonomy":"post_tag","embeddable":true,"href":"https:\/\/girasolmultimedios.com\/portal\/wp-json\/wp\/v2\/tags?post=2568"}],"curies":[{"name":"wp","href":"https:\/\/api.w.org\/{rel}","templated":true}]}}