{"id":2605,"date":"2025-12-04T10:06:30","date_gmt":"2025-12-04T16:06:30","guid":{"rendered":"https:\/\/girasolmultimedios.com\/portal\/?p=2605"},"modified":"2025-12-04T10:06:30","modified_gmt":"2025-12-04T16:06:30","slug":"shin-fujiyama-es-operado-de-la-rodilla","status":"publish","type":"post","link":"https:\/\/girasolmultimedios.com\/portal\/shin-fujiyama-es-operado-de-la-rodilla\/","title":{"rendered":"Shin Fujiyama es operado de la rodilla"},"content":{"rendered":"\n<p>El reconocido fil\u00e1ntropo y creador de contenido Shin Fujiyama anunci\u00f3 que fue sometido a una cirug\u00eda invasiva en la rodilla derecha, afectada por un da\u00f1o severo en el menisco tras a\u00f1os de desaf\u00edos deportivos realizados en beneficio de la educaci\u00f3n hondure\u00f1a.<\/p>\n\n\n\n<p>\u201cLleg\u00f3 el d\u00eda, mi gente. Hoy me operar\u00e9 de la rodilla derecha, la cual est\u00e1 totalmente destrozada por tantos retos.<\/p>\n\n\n\n<p>Estoy un poco nervioso y asustado, ya que posiblemente nunca m\u00e1s vuelva a correr\u201d, escribi\u00f3 en sus redes sociales antes de ingresar al quir\u00f3fano.<\/p>\n\n\n\n<p>La operaci\u00f3n, realizada en un hospital de Tegucigalpa, busca reparar el menisco y estabilizar la articulaci\u00f3n, aunque los m\u00e9dicos han advertido que el proceso de rehabilitaci\u00f3n podr\u00eda extenderse hasta seis meses.<\/p>\n\n\n\n<p>Shin, quien ha dedicado su vida a promover la construcci\u00f3n de escuelas y proyectos educativos en comunidades vulnerables, agradeci\u00f3 el respaldo recibido: \u201cTengo fe en Dios de que los doctores har\u00e1n un buen trabajo. Muchas gracias a todos por sus buenos deseos\u201d.<\/p>\n\n\n\n<p>El influencer japon\u00e9s, radicado en Honduras desde hace m\u00e1s de 20 a\u00f1os, se ha convertido en un s\u00edmbolo de solidaridad y compromiso social.<\/p>\n\n\n\n<p>Sus maratones y retos extremos han recaudado fondos para cientos de ni\u00f1os y j\u00f3venes, y recientemente protagoniz\u00f3 una ultramarat\u00f3n solidaria en Olancho, donde sufri\u00f3 un desmayo por agotamiento, lo que evidenci\u00f3 el deterioro f\u00edsico que lo llev\u00f3 finalmente a la cirug\u00eda.<\/p>\n\n\n\n<p>La noticia de su operaci\u00f3n gener\u00f3 una ola de mensajes de apoyo bajo el lema \u201cFuerza, Shin Fujiyama\u201d, con miles de hondure\u00f1os expresando su gratitud y dese\u00e1ndole pronta recuperaci\u00f3n.<\/p>\n\n\n\n<p>Organizaciones educativas y comunitarias tambi\u00e9n se sumaron al respaldo, destacando que su labor ha transformado vidas y que su ejemplo seguir\u00e1 inspirando a nuevas generaciones.<\/p>\n\n\n\n<p>Con esta cirug\u00eda, Shin inicia un nuevo cap\u00edtulo en su vida, enfocado en la recuperaci\u00f3n y en continuar su misi\u00f3n de servicio a Honduras, pa\u00eds que lo ha adoptado como uno de sus grandes referentes de esperanza y unidad.<\/p>\n","protected":false},"excerpt":{"rendered":"<p>El reconocido fil\u00e1ntropo y creador de contenido Shin Fujiyama anunci\u00f3 que fue sometido a una cirug\u00eda invasiva en la rodilla derecha, afectada por un da\u00f1o severo en el menisco tras a\u00f1os de desaf\u00edos deportivos realizados en beneficio de la educaci\u00f3n hondure\u00f1a. \u201cLleg\u00f3 el d\u00eda, mi gente. Hoy me operar\u00e9 de la rodilla derecha, la cual [&hellip;]<\/p>\n","protected":false},"author":2,"featured_media":2606,"comment_status":"closed","ping_status":"open","sticky":false,"template":"","format":"standard","meta":{"_seopress_robots_primary_cat":"","_seopress_titles_title":"","_seopress_titles_desc":"","_seopress_robots_index":"","footnotes":""},"categories":[1],"tags":[],"class_list":["post-2605","post","type-post","status-publish","format-standard","has-post-thumbnail","hentry","category-sin-categoria"],"_links":{"self":[{"href":"https:\/\/girasolmultimedios.com\/portal\/wp-json\/wp\/v2\/posts\/2605","targetHints":{"allow":["GET"]}}],"collection":[{"href":"https:\/\/girasolmultimedios.com\/portal\/wp-json\/wp\/v2\/posts"}],"about":[{"href":"https:\/\/girasolmultimedios.com\/portal\/wp-json\/wp\/v2\/types\/post"}],"author":[{"embeddable":true,"href":"https:\/\/girasolmultimedios.com\/portal\/wp-json\/wp\/v2\/users\/2"}],"replies":[{"embeddable":true,"href":"https:\/\/girasolmultimedios.com\/portal\/wp-json\/wp\/v2\/comments?post=2605"}],"version-history":[{"count":1,"href":"https:\/\/girasolmultimedios.com\/portal\/wp-json\/wp\/v2\/posts\/2605\/revisions"}],"predecessor-version":[{"id":2607,"href":"https:\/\/girasolmultimedios.com\/portal\/wp-json\/wp\/v2\/posts\/2605\/revisions\/2607"}],"wp:featuredmedia":[{"embeddable":true,"href":"https:\/\/girasolmultimedios.com\/portal\/wp-json\/wp\/v2\/media\/2606"}],"wp:attachment":[{"href":"https:\/\/girasolmultimedios.com\/portal\/wp-json\/wp\/v2\/media?parent=2605"}],"wp:term":[{"taxonomy":"category","embeddable":true,"href":"https:\/\/girasolmultimedios.com\/portal\/wp-json\/wp\/v2\/categories?post=2605"},{"taxonomy":"post_tag","embeddable":true,"href":"https:\/\/girasolmultimedios.com\/portal\/wp-json\/wp\/v2\/tags?post=2605"}],"curies":[{"name":"wp","href":"https:\/\/api.w.org\/{rel}","templated":true}]}}