{"id":2634,"date":"2025-12-08T09:49:59","date_gmt":"2025-12-08T15:49:59","guid":{"rendered":"https:\/\/girasolmultimedios.com\/portal\/?p=2634"},"modified":"2025-12-08T09:50:00","modified_gmt":"2025-12-08T15:50:00","slug":"nacionalistas-celebran-el-triunfo-de-ricardo-calix","status":"publish","type":"post","link":"https:\/\/girasolmultimedios.com\/portal\/nacionalistas-celebran-el-triunfo-de-ricardo-calix\/","title":{"rendered":"Nacionalistas celebran el triunfo de Ricardo C\u00e1lix"},"content":{"rendered":"\n<p><em><strong>TELA.<\/strong>&nbsp;<\/em>En una noche cargada de emoci\u00f3n, m\u00fasica y euforia pol\u00edtica, el campo Agat de Tela se convirti\u00f3 en el epicentro de una verdadera fiesta azul, donde miles de simpatizantes del Partido Nacional acudieron para celebrar el contundente triunfo del alcalde Ricardo C\u00e1lix, quien obtuvo m\u00e1s de 22,000 votos, consolid\u00e1ndose como una de las figuras pol\u00edticas m\u00e1s fuertes del municipio.<\/p>\n\n\n\n<p>La multitud, portando banderas, camisetas y distintivos del partido, recibi\u00f3 entre aplausos y v\u00edtores al alcalde reelecto, quien subi\u00f3 al escenario acompa\u00f1ado de l\u00edderes comunitarios, autoridades partidarias y representantes de diferentes sectores de la ciudad.<\/p>\n\n\n\n<p>El ambiente estuvo marcado por la alegr\u00eda de los asistentes, quienes celebraron lo que consideran un respaldo masivo a la gesti\u00f3n municipal de los \u00faltimos a\u00f1os.<\/p>\n\n\n\n<p>Durante su intervenci\u00f3n, Ricardo C\u00e1lix, agradeci\u00f3 el apoyo recibido y reafirm\u00f3 su compromiso de continuar trabajando por el desarrollo de Tela, destacando proyectos en infraestructura, turismo, seguridad y programas sociales que impulsar\u00e1 en su pr\u00f3ximo per\u00edodo.<\/p>\n\n\n\n<p>El alcalde tambi\u00e9n envi\u00f3 un mensaje de unidad al interior del Partido Nacional, invitando a todos los sectores a sumarse a una nueva etapa de trabajo conjunto por el bienestar del municipio.<\/p>\n\n\n\n<p>Uno de los momentos m\u00e1s esperados de la noche fue la presentaci\u00f3n oficial de la planilla de regidores, compuesta por siete integrantes que acompa\u00f1ar\u00e1n al alcalde en la nueva Corporaci\u00f3n Municipal.<\/p>\n\n\n\n<p>Cada regidor fue llamado al escenario y recibido con aplausos por parte del p\u00fablico, que mostr\u00f3 su respaldo a la nueva estructura edilicia encargada de tomar decisiones clave para la administraci\u00f3n municipal.<\/p>\n\n\n\n<p>La celebraci\u00f3n se extendi\u00f3 por varias horas, con presentaciones musicales, muestras de apoyo de la militancia y la presencia de j\u00f3venes, adultos y familias completas que acudieron a formar parte de esta actividad pol\u00edtica que, seg\u00fan dirigentes nacionalistas, marca el inicio de una etapa de fortalecimiento interno y proyecci\u00f3n hacia nuevos retos.&nbsp;<\/p>\n","protected":false},"excerpt":{"rendered":"<p>TELA.&nbsp;En una noche cargada de emoci\u00f3n, m\u00fasica y euforia pol\u00edtica, el campo Agat de Tela se convirti\u00f3 en el epicentro de una verdadera fiesta azul, donde miles de simpatizantes del Partido Nacional acudieron para celebrar el contundente triunfo del alcalde Ricardo C\u00e1lix, quien obtuvo m\u00e1s de 22,000 votos, consolid\u00e1ndose como una de las figuras pol\u00edticas [&hellip;]<\/p>\n","protected":false},"author":2,"featured_media":2635,"comment_status":"closed","ping_status":"open","sticky":false,"template":"","format":"standard","meta":{"_seopress_robots_primary_cat":"","_seopress_titles_title":"","_seopress_titles_desc":"","_seopress_robots_index":"","footnotes":""},"categories":[1],"tags":[],"class_list":["post-2634","post","type-post","status-publish","format-standard","has-post-thumbnail","hentry","category-sin-categoria"],"_links":{"self":[{"href":"https:\/\/girasolmultimedios.com\/portal\/wp-json\/wp\/v2\/posts\/2634","targetHints":{"allow":["GET"]}}],"collection":[{"href":"https:\/\/girasolmultimedios.com\/portal\/wp-json\/wp\/v2\/posts"}],"about":[{"href":"https:\/\/girasolmultimedios.com\/portal\/wp-json\/wp\/v2\/types\/post"}],"author":[{"embeddable":true,"href":"https:\/\/girasolmultimedios.com\/portal\/wp-json\/wp\/v2\/users\/2"}],"replies":[{"embeddable":true,"href":"https:\/\/girasolmultimedios.com\/portal\/wp-json\/wp\/v2\/comments?post=2634"}],"version-history":[{"count":1,"href":"https:\/\/girasolmultimedios.com\/portal\/wp-json\/wp\/v2\/posts\/2634\/revisions"}],"predecessor-version":[{"id":2636,"href":"https:\/\/girasolmultimedios.com\/portal\/wp-json\/wp\/v2\/posts\/2634\/revisions\/2636"}],"wp:featuredmedia":[{"embeddable":true,"href":"https:\/\/girasolmultimedios.com\/portal\/wp-json\/wp\/v2\/media\/2635"}],"wp:attachment":[{"href":"https:\/\/girasolmultimedios.com\/portal\/wp-json\/wp\/v2\/media?parent=2634"}],"wp:term":[{"taxonomy":"category","embeddable":true,"href":"https:\/\/girasolmultimedios.com\/portal\/wp-json\/wp\/v2\/categories?post=2634"},{"taxonomy":"post_tag","embeddable":true,"href":"https:\/\/girasolmultimedios.com\/portal\/wp-json\/wp\/v2\/tags?post=2634"}],"curies":[{"name":"wp","href":"https:\/\/api.w.org\/{rel}","templated":true}]}}