{"id":2640,"date":"2025-12-08T09:52:42","date_gmt":"2025-12-08T15:52:42","guid":{"rendered":"https:\/\/girasolmultimedios.com\/portal\/?p=2640"},"modified":"2025-12-08T09:52:42","modified_gmt":"2025-12-08T15:52:42","slug":"chofer-a-punto-de-morir-calcinado","status":"publish","type":"post","link":"https:\/\/girasolmultimedios.com\/portal\/chofer-a-punto-de-morir-calcinado\/","title":{"rendered":"Chofer a punto de morir calcinado"},"content":{"rendered":"\n<p>El conductor de un autom\u00f3vil estuvo a punto de morir calcinado, al incendiarse estructuralmente el automotor que manejaba por la carretera RN-21, a la altura de El B\u00e1lsamo, sector monta\u00f1oso del municipio de El Progreso, en el departamento de Yoro.<\/p>\n\n\n\n<p>Varios elementos del Cuerpo de Bomberos, al llegar al lugar constataron de la presencia de un veh\u00edculo tipo pick up (Mitsubishi, tipo L200, a\u00f1o 2015) el cual se encontraba completamente calcinado (quemado en su totalidad).<\/p>\n\n\n\n<p>Se procedi\u00f3 inmediatamente a asegurar el per\u00edmetro para garantizar la seguridad del \u00e1rea y, posteriormente, se inici\u00f3 el trabajo de enfriamiento y mitigaci\u00f3n de riesgos residuales.<\/p>\n\n\n\n<p>Del propietario Jes\u00fas Antonio Medina Rodr\u00edguez se supo que para no morir calcinado tuvo que bajarse aceleradamente del automotor.<\/p>\n","protected":false},"excerpt":{"rendered":"<p>El conductor de un autom\u00f3vil estuvo a punto de morir calcinado, al incendiarse estructuralmente el automotor que manejaba por la carretera RN-21, a la altura de El B\u00e1lsamo, sector monta\u00f1oso del municipio de El Progreso, en el departamento de Yoro. Varios elementos del Cuerpo de Bomberos, al llegar al lugar constataron de la presencia de [&hellip;]<\/p>\n","protected":false},"author":2,"featured_media":2641,"comment_status":"closed","ping_status":"open","sticky":false,"template":"","format":"standard","meta":{"_seopress_robots_primary_cat":"","_seopress_titles_title":"","_seopress_titles_desc":"","_seopress_robots_index":"","footnotes":""},"categories":[1],"tags":[],"class_list":["post-2640","post","type-post","status-publish","format-standard","has-post-thumbnail","hentry","category-sin-categoria"],"_links":{"self":[{"href":"https:\/\/girasolmultimedios.com\/portal\/wp-json\/wp\/v2\/posts\/2640","targetHints":{"allow":["GET"]}}],"collection":[{"href":"https:\/\/girasolmultimedios.com\/portal\/wp-json\/wp\/v2\/posts"}],"about":[{"href":"https:\/\/girasolmultimedios.com\/portal\/wp-json\/wp\/v2\/types\/post"}],"author":[{"embeddable":true,"href":"https:\/\/girasolmultimedios.com\/portal\/wp-json\/wp\/v2\/users\/2"}],"replies":[{"embeddable":true,"href":"https:\/\/girasolmultimedios.com\/portal\/wp-json\/wp\/v2\/comments?post=2640"}],"version-history":[{"count":1,"href":"https:\/\/girasolmultimedios.com\/portal\/wp-json\/wp\/v2\/posts\/2640\/revisions"}],"predecessor-version":[{"id":2642,"href":"https:\/\/girasolmultimedios.com\/portal\/wp-json\/wp\/v2\/posts\/2640\/revisions\/2642"}],"wp:featuredmedia":[{"embeddable":true,"href":"https:\/\/girasolmultimedios.com\/portal\/wp-json\/wp\/v2\/media\/2641"}],"wp:attachment":[{"href":"https:\/\/girasolmultimedios.com\/portal\/wp-json\/wp\/v2\/media?parent=2640"}],"wp:term":[{"taxonomy":"category","embeddable":true,"href":"https:\/\/girasolmultimedios.com\/portal\/wp-json\/wp\/v2\/categories?post=2640"},{"taxonomy":"post_tag","embeddable":true,"href":"https:\/\/girasolmultimedios.com\/portal\/wp-json\/wp\/v2\/tags?post=2640"}],"curies":[{"name":"wp","href":"https:\/\/api.w.org\/{rel}","templated":true}]}}