{"id":2643,"date":"2025-12-08T09:54:28","date_gmt":"2025-12-08T15:54:28","guid":{"rendered":"https:\/\/girasolmultimedios.com\/portal\/?p=2643"},"modified":"2025-12-08T09:54:29","modified_gmt":"2025-12-08T15:54:29","slug":"masiva-fiesta-electoral-se-vivio-en-san-antonio-de-flores","status":"publish","type":"post","link":"https:\/\/girasolmultimedios.com\/portal\/masiva-fiesta-electoral-se-vivio-en-san-antonio-de-flores\/","title":{"rendered":"Masiva fiesta electoral se vivi\u00f3 en San Antonio de Flores"},"content":{"rendered":"\n<p>SAN ANTONIO DE FLORES, El Para\u00edso.<em>\u00a0<\/em>Con alegr\u00eda y bajo la premisa de una fiesta C\u00edvica los habitantes del Municipio de San Antonio de Flores acudieron a los centros de votaci\u00f3n para cumplir la jornada electoral programada para este domingo.<\/p>\n\n\n\n<p>La reprogramaci\u00f3n del proceso en el municipio surgi\u00f3 luego que se denunciara el tr\u00e1fico de credenciales, durante la semana los candidatos a diputados y hasta presidenciales visitaron el sur de El Para\u00edso para motivar una masiva votaci\u00f3n y poder decidir algunas candidaturas que est\u00e1n pendientes.<\/p>\n\n\n\n<p>Casi a las 5:00 de la tarde del s\u00e1bado y bajo un fuerte resguardo militar y policial, los habitantes del Municipio de San Antonio recibieron con alegr\u00eda una vez m\u00e1s las 17 maletas electorales para as\u00ed cumplir con su deber c\u00edvico.<\/p>\n\n\n\n<p>Desde el viernes varios candidatos a diputados ya se encontraban en la zona buscando el voto que decida sus pociones en el Congreso Nacional, la alcald\u00eda y hasta la presidencia de la Rep\u00fablica.<\/p>\n\n\n\n<p>Salvador Nasralla lleg\u00f3 en helic\u00f3ptero y realiz\u00f3 una fuerte caravana con sus compa\u00f1eros en las planillas a elecci\u00f3n popular; Nasralla declar\u00f3 \u00abesperamos que el Consejo Nacional Electoral reemplace a la compa\u00f1\u00eda ASD que parece que ya tiro la toalla porque parece que no pudo contar los votos, unos cinco millones de d\u00f3lares const\u00f3 esta compa\u00f1\u00eda que no pudo contar los votos, esta ni tiene la capacidad, sus socios son del Partido Nacional, uno de ellos candidato al parlamento Centroamericano y el otro es socio de la alcald\u00eda metropolitana.<\/p>\n\n\n\n<p>La Misi\u00f3n de Observaci\u00f3n Electoral de la Organizaci\u00f3n de Estados Americanos (OEA) contin\u00fao dando seguimiento al proceso electoral que se desarrolla en el municipio de San Antonio de Flores, El Para\u00edso.<\/p>\n\n\n\n<p>Adem\u00e1s, una enormes filas se observaron, antes de comenzar la votaci\u00f3n por ejemplo en el Centro B\u00e1sico Jos\u00e9 Cecilio del Valle de Mandasta, el segundo centro m\u00e1s grande de San Antonio de Flores con 1,097 votantes.<\/p>\n\n\n\n<p>Algunos observadores denunciaron fallas en el equipo de sistema biom\u00e9trico y hasta no conocer el funcionamiento de los mismos.<\/p>\n\n\n\n<p>La delegada del comisionado de los derechos humanos, Korina L\u00f3pez, asegur\u00f3 que el proceso se estaba llevando en forma ordenada sin incidencias y bajo el respeto a las personas con discapacidad y adulto mayor, reconoci\u00f3 adem\u00e1s las fallas en el sistema biom\u00e9trico.<\/p>\n","protected":false},"excerpt":{"rendered":"<p>SAN ANTONIO DE FLORES, El Para\u00edso.\u00a0Con alegr\u00eda y bajo la premisa de una fiesta C\u00edvica los habitantes del Municipio de San Antonio de Flores acudieron a los centros de votaci\u00f3n para cumplir la jornada electoral programada para este domingo. La reprogramaci\u00f3n del proceso en el municipio surgi\u00f3 luego que se denunciara el tr\u00e1fico de credenciales, [&hellip;]<\/p>\n","protected":false},"author":2,"featured_media":2644,"comment_status":"closed","ping_status":"open","sticky":false,"template":"","format":"standard","meta":{"_seopress_robots_primary_cat":"","_seopress_titles_title":"","_seopress_titles_desc":"","_seopress_robots_index":"","footnotes":""},"categories":[1],"tags":[],"class_list":["post-2643","post","type-post","status-publish","format-standard","has-post-thumbnail","hentry","category-sin-categoria"],"_links":{"self":[{"href":"https:\/\/girasolmultimedios.com\/portal\/wp-json\/wp\/v2\/posts\/2643","targetHints":{"allow":["GET"]}}],"collection":[{"href":"https:\/\/girasolmultimedios.com\/portal\/wp-json\/wp\/v2\/posts"}],"about":[{"href":"https:\/\/girasolmultimedios.com\/portal\/wp-json\/wp\/v2\/types\/post"}],"author":[{"embeddable":true,"href":"https:\/\/girasolmultimedios.com\/portal\/wp-json\/wp\/v2\/users\/2"}],"replies":[{"embeddable":true,"href":"https:\/\/girasolmultimedios.com\/portal\/wp-json\/wp\/v2\/comments?post=2643"}],"version-history":[{"count":1,"href":"https:\/\/girasolmultimedios.com\/portal\/wp-json\/wp\/v2\/posts\/2643\/revisions"}],"predecessor-version":[{"id":2645,"href":"https:\/\/girasolmultimedios.com\/portal\/wp-json\/wp\/v2\/posts\/2643\/revisions\/2645"}],"wp:featuredmedia":[{"embeddable":true,"href":"https:\/\/girasolmultimedios.com\/portal\/wp-json\/wp\/v2\/media\/2644"}],"wp:attachment":[{"href":"https:\/\/girasolmultimedios.com\/portal\/wp-json\/wp\/v2\/media?parent=2643"}],"wp:term":[{"taxonomy":"category","embeddable":true,"href":"https:\/\/girasolmultimedios.com\/portal\/wp-json\/wp\/v2\/categories?post=2643"},{"taxonomy":"post_tag","embeddable":true,"href":"https:\/\/girasolmultimedios.com\/portal\/wp-json\/wp\/v2\/tags?post=2643"}],"curies":[{"name":"wp","href":"https:\/\/api.w.org\/{rel}","templated":true}]}}