{"id":2668,"date":"2025-12-09T09:59:19","date_gmt":"2025-12-09T15:59:19","guid":{"rendered":"https:\/\/girasolmultimedios.com\/portal\/?p=2668"},"modified":"2025-12-09T09:59:20","modified_gmt":"2025-12-09T15:59:20","slug":"roberto-contreras-llama-a-la-calma","status":"publish","type":"post","link":"https:\/\/girasolmultimedios.com\/portal\/roberto-contreras-llama-a-la-calma\/","title":{"rendered":"Roberto Contreras llama a la calma"},"content":{"rendered":"\n<p>El ambiente electoral en Honduras se torna cada vez m\u00e1s tenso, con candidatos y l\u00edderes pol\u00edticos recurriendo a sus redes sociales para lanzar llamados de calma y advertencias.<\/p>\n\n\n\n<p>En este contexto, el alcalde de San Pedro Sula y presidente del Consejo Central Ejecutivo del Partido Liberal (CCEPL), Roberto Contreras, inst\u00f3 al Consejo Nacional Electoral (CNE) a proceder de inmediato con la transcripci\u00f3n de datos, subrayando que la transparencia es vital para la estabilidad democr\u00e1tica del pa\u00eds.<\/p>\n\n\n\n<p>Contreras envi\u00f3 un mensaje de serenidad a los candidatos presidenciales Salvador Nasralla y Nasry Asfura, recordando que el conteo a\u00fan no ha finalizado y que \u201cel gran ganador debe ser la democracia y nuestro pueblo, Honduras\u201d.<\/p>\n\n\n\n<p>El edil sampedrano felicit\u00f3 adem\u00e1s a los alcaldes y diputados liberales electos, as\u00ed como a Nasralla, por el esfuerzo demostrado durante la jornada electoral.<\/p>\n\n\n\n<p>Insisti\u00f3 en la necesidad de revisar y enviar las actas presidenciales pendientes a Tegucigalpa para compararlas con las que su partido ya posee.<\/p>\n\n\n\n<p>\u201cEstamos revisando todo lo que el TREP ha procesado contra las actas originales que tenemos en mano. Por responsabilidad, enviar\u00e9 esas actas a la capital para garantizar el conteo electoral\u201d, afirm\u00f3.<\/p>\n\n\n\n<p>En declaraciones recientes, Contreras tambi\u00e9n defendi\u00f3 el papel del Partido Liberal en estas elecciones, asegurando que su instituto pol\u00edtico ha conquistado alcald\u00edas de gran peso electoral y administrativo.<\/p>\n\n\n\n<p>Asimismo, destac\u00f3 que la participaci\u00f3n ciudadana fue masiva y que el pueblo hondure\u00f1o demostr\u00f3 valent\u00eda al acudir a las urnas.<\/p>\n","protected":false},"excerpt":{"rendered":"<p>El ambiente electoral en Honduras se torna cada vez m\u00e1s tenso, con candidatos y l\u00edderes pol\u00edticos recurriendo a sus redes sociales para lanzar llamados de calma y advertencias. En este contexto, el alcalde de San Pedro Sula y presidente del Consejo Central Ejecutivo del Partido Liberal (CCEPL), Roberto Contreras, inst\u00f3 al Consejo Nacional Electoral (CNE) [&hellip;]<\/p>\n","protected":false},"author":2,"featured_media":2669,"comment_status":"closed","ping_status":"open","sticky":false,"template":"","format":"standard","meta":{"_seopress_robots_primary_cat":"","_seopress_titles_title":"","_seopress_titles_desc":"","_seopress_robots_index":"","footnotes":""},"categories":[1],"tags":[],"class_list":["post-2668","post","type-post","status-publish","format-standard","has-post-thumbnail","hentry","category-sin-categoria"],"_links":{"self":[{"href":"https:\/\/girasolmultimedios.com\/portal\/wp-json\/wp\/v2\/posts\/2668","targetHints":{"allow":["GET"]}}],"collection":[{"href":"https:\/\/girasolmultimedios.com\/portal\/wp-json\/wp\/v2\/posts"}],"about":[{"href":"https:\/\/girasolmultimedios.com\/portal\/wp-json\/wp\/v2\/types\/post"}],"author":[{"embeddable":true,"href":"https:\/\/girasolmultimedios.com\/portal\/wp-json\/wp\/v2\/users\/2"}],"replies":[{"embeddable":true,"href":"https:\/\/girasolmultimedios.com\/portal\/wp-json\/wp\/v2\/comments?post=2668"}],"version-history":[{"count":1,"href":"https:\/\/girasolmultimedios.com\/portal\/wp-json\/wp\/v2\/posts\/2668\/revisions"}],"predecessor-version":[{"id":2670,"href":"https:\/\/girasolmultimedios.com\/portal\/wp-json\/wp\/v2\/posts\/2668\/revisions\/2670"}],"wp:featuredmedia":[{"embeddable":true,"href":"https:\/\/girasolmultimedios.com\/portal\/wp-json\/wp\/v2\/media\/2669"}],"wp:attachment":[{"href":"https:\/\/girasolmultimedios.com\/portal\/wp-json\/wp\/v2\/media?parent=2668"}],"wp:term":[{"taxonomy":"category","embeddable":true,"href":"https:\/\/girasolmultimedios.com\/portal\/wp-json\/wp\/v2\/categories?post=2668"},{"taxonomy":"post_tag","embeddable":true,"href":"https:\/\/girasolmultimedios.com\/portal\/wp-json\/wp\/v2\/tags?post=2668"}],"curies":[{"name":"wp","href":"https:\/\/api.w.org\/{rel}","templated":true}]}}