{"id":2674,"date":"2025-12-09T10:02:44","date_gmt":"2025-12-09T16:02:44","guid":{"rendered":"https:\/\/girasolmultimedios.com\/portal\/?p=2674"},"modified":"2025-12-09T10:02:45","modified_gmt":"2025-12-09T16:02:45","slug":"estado-del-tiempo-para-hoy-martes-9-de-diciembre","status":"publish","type":"post","link":"https:\/\/girasolmultimedios.com\/portal\/estado-del-tiempo-para-hoy-martes-9-de-diciembre\/","title":{"rendered":"Estado del tiempo para hoy martes 9 de diciembre"},"content":{"rendered":"\n<p>La\u00a0Secretar\u00eda de Gesti\u00f3n de Riesgos y Contingencias (Copeco), inform\u00f3 que el estado del tiempo para este d\u00eda tendr\u00e1 condiciones inestables en la mayor parte del pa\u00eds.<\/p>\n\n\n\n<p>Seg\u00fan el meteor\u00f3logo Jairo Garc\u00eda, una vaguada prefrontal continuar\u00e1 generando estas condiciones, lo que traer\u00e1 lluvias y chubascos d\u00e9biles a moderados acompa\u00f1ados por actividad el\u00e9ctrica aislada.<\/p>\n\n\n\n<p>En ese sentido, la zona suroccidente y noroccidente ser\u00e1n las zonas m\u00e1s afectadas, pues se estiman precipitaciones intermitentes de intensidad variable.<\/p>\n\n\n\n<p>Mientras que para el oriente y centro del pa\u00eds se esperan lluvias d\u00e9biles y aisladas debido al transporte de humedad proveniente del mar caribe.<\/p>\n\n\n\n<p>Para Tegucigalpa, capital de Honduras, se espera una m\u00e1xima de 26\u00b0C y una m\u00ednima de 17\u00b0C.<\/p>\n\n\n\n<p>El estado del tiempo por regiones se pronostica as\u00ed.<\/p>\n\n\n\n<ul class=\"wp-block-list\">\n<li>Sur: m\u00e1xima de 36\u00b0C, m\u00ednima de 22\u00b0C<\/li>\n\n\n\n<li>Central: m\u00e1xima de 29\u00b0C, m\u00ednima de 18\u00b0C<\/li>\n\n\n\n<li>Norte: m\u00e1xima entre 29 y 30\u00b0C, m\u00ednima de 24\u00b0C<\/li>\n\n\n\n<li>Insular: m\u00e1xima de 29\u00b0C, m\u00ednima de 26\u00b0C<\/li>\n\n\n\n<li>Occidental: m\u00e1xima de 29\u00b0C, m\u00ednima de 12\u00b0C<\/li>\n<\/ul>\n\n\n\n<p>El estado del mar se reporta con un oleaje de 1 a 3 pies para el mar Caribe, as\u00ed como para el Golfo de Fonseca.<\/p>\n\n\n\n<p>Las autoridades de Copeco recomiendan a la poblaci\u00f3n mantenerse informada y tomar precauciones en zonas vulnerables.<\/p>\n","protected":false},"excerpt":{"rendered":"<p>La\u00a0Secretar\u00eda de Gesti\u00f3n de Riesgos y Contingencias (Copeco), inform\u00f3 que el estado del tiempo para este d\u00eda tendr\u00e1 condiciones inestables en la mayor parte del pa\u00eds. Seg\u00fan el meteor\u00f3logo Jairo Garc\u00eda, una vaguada prefrontal continuar\u00e1 generando estas condiciones, lo que traer\u00e1 lluvias y chubascos d\u00e9biles a moderados acompa\u00f1ados por actividad el\u00e9ctrica aislada. En ese sentido, [&hellip;]<\/p>\n","protected":false},"author":2,"featured_media":2675,"comment_status":"closed","ping_status":"open","sticky":false,"template":"","format":"standard","meta":{"_seopress_robots_primary_cat":"","_seopress_titles_title":"","_seopress_titles_desc":"","_seopress_robots_index":"","footnotes":""},"categories":[1],"tags":[],"class_list":["post-2674","post","type-post","status-publish","format-standard","has-post-thumbnail","hentry","category-sin-categoria"],"_links":{"self":[{"href":"https:\/\/girasolmultimedios.com\/portal\/wp-json\/wp\/v2\/posts\/2674","targetHints":{"allow":["GET"]}}],"collection":[{"href":"https:\/\/girasolmultimedios.com\/portal\/wp-json\/wp\/v2\/posts"}],"about":[{"href":"https:\/\/girasolmultimedios.com\/portal\/wp-json\/wp\/v2\/types\/post"}],"author":[{"embeddable":true,"href":"https:\/\/girasolmultimedios.com\/portal\/wp-json\/wp\/v2\/users\/2"}],"replies":[{"embeddable":true,"href":"https:\/\/girasolmultimedios.com\/portal\/wp-json\/wp\/v2\/comments?post=2674"}],"version-history":[{"count":1,"href":"https:\/\/girasolmultimedios.com\/portal\/wp-json\/wp\/v2\/posts\/2674\/revisions"}],"predecessor-version":[{"id":2676,"href":"https:\/\/girasolmultimedios.com\/portal\/wp-json\/wp\/v2\/posts\/2674\/revisions\/2676"}],"wp:featuredmedia":[{"embeddable":true,"href":"https:\/\/girasolmultimedios.com\/portal\/wp-json\/wp\/v2\/media\/2675"}],"wp:attachment":[{"href":"https:\/\/girasolmultimedios.com\/portal\/wp-json\/wp\/v2\/media?parent=2674"}],"wp:term":[{"taxonomy":"category","embeddable":true,"href":"https:\/\/girasolmultimedios.com\/portal\/wp-json\/wp\/v2\/categories?post=2674"},{"taxonomy":"post_tag","embeddable":true,"href":"https:\/\/girasolmultimedios.com\/portal\/wp-json\/wp\/v2\/tags?post=2674"}],"curies":[{"name":"wp","href":"https:\/\/api.w.org\/{rel}","templated":true}]}}