{"id":2677,"date":"2025-12-09T10:04:22","date_gmt":"2025-12-09T16:04:22","guid":{"rendered":"https:\/\/girasolmultimedios.com\/portal\/?p=2677"},"modified":"2025-12-09T10:04:22","modified_gmt":"2025-12-09T16:04:22","slug":"agente-de-inteligencia-cuarto-policia-abatido-a-balazos-en-mes-y-medio","status":"publish","type":"post","link":"https:\/\/girasolmultimedios.com\/portal\/agente-de-inteligencia-cuarto-policia-abatido-a-balazos-en-mes-y-medio\/","title":{"rendered":"Agente de inteligencia cuarto polic\u00eda abatido a balazos en mes y medio"},"content":{"rendered":"\n<p>Un agente especial de Direcci\u00f3n Nacional de Investigaci\u00f3n e Inteligencia (DNII), muri\u00f3 abatido a balazos en Pespire, Choluteca, el cuarto crimen contra elementos de la Polic\u00eda Nacional en mes y medio en ciudades violentas del pa\u00eds.<\/p>\n\n\n\n<p>Familiares y compa\u00f1eros de armas retiraron ayer de la morgue, el cad\u00e1ver del Clase 1 de Polic\u00eda, Ever Uriel Torres Ramos (35), originario de Nacaome, Valle, zona sur de Honduras.<\/p>\n\n\n\n<p>Del uniformado se supo que el fin de semana pasado se encontraba con su fin de semana libre, por lo que se dedic\u00f3 a ingerir bebidas alcoh\u00f3licas en su pueblo natal. Su cuerpo presentaba un disparo, aparentemente por mano criminal.<\/p>\n\n\n\n<p>Es el cuarto elemento policial abatido en mes y medio, el 18 de noviembre, mataron al oficial Fredy Adri\u00e1n Contreras Zelaya en Catacamas, Olancho y ese mismo d\u00eda le quitaron la vida al subcomisario, Joel Vargas en una balacera que se registr\u00f3 en Monte Bello, Chamelec\u00f3n en Cort\u00e9s.<\/p>\n\n\n\n<p>Mientras, el 22 de octubre el agente de la Polic\u00eda Nacional de Honduras, Bosen Antonio Chown Ben\u00edtez, fue ultimado por narcotraficantes durante un ataque armado en pleno hospital de Puerto Lempira, departamento de Gracias a Dios.&nbsp;<\/p>\n","protected":false},"excerpt":{"rendered":"<p>Un agente especial de Direcci\u00f3n Nacional de Investigaci\u00f3n e Inteligencia (DNII), muri\u00f3 abatido a balazos en Pespire, Choluteca, el cuarto crimen contra elementos de la Polic\u00eda Nacional en mes y medio en ciudades violentas del pa\u00eds. Familiares y compa\u00f1eros de armas retiraron ayer de la morgue, el cad\u00e1ver del Clase 1 de Polic\u00eda, Ever Uriel [&hellip;]<\/p>\n","protected":false},"author":2,"featured_media":2678,"comment_status":"closed","ping_status":"open","sticky":false,"template":"","format":"standard","meta":{"_seopress_robots_primary_cat":"","_seopress_titles_title":"","_seopress_titles_desc":"","_seopress_robots_index":"","footnotes":""},"categories":[1],"tags":[],"class_list":["post-2677","post","type-post","status-publish","format-standard","has-post-thumbnail","hentry","category-sin-categoria"],"_links":{"self":[{"href":"https:\/\/girasolmultimedios.com\/portal\/wp-json\/wp\/v2\/posts\/2677","targetHints":{"allow":["GET"]}}],"collection":[{"href":"https:\/\/girasolmultimedios.com\/portal\/wp-json\/wp\/v2\/posts"}],"about":[{"href":"https:\/\/girasolmultimedios.com\/portal\/wp-json\/wp\/v2\/types\/post"}],"author":[{"embeddable":true,"href":"https:\/\/girasolmultimedios.com\/portal\/wp-json\/wp\/v2\/users\/2"}],"replies":[{"embeddable":true,"href":"https:\/\/girasolmultimedios.com\/portal\/wp-json\/wp\/v2\/comments?post=2677"}],"version-history":[{"count":1,"href":"https:\/\/girasolmultimedios.com\/portal\/wp-json\/wp\/v2\/posts\/2677\/revisions"}],"predecessor-version":[{"id":2679,"href":"https:\/\/girasolmultimedios.com\/portal\/wp-json\/wp\/v2\/posts\/2677\/revisions\/2679"}],"wp:featuredmedia":[{"embeddable":true,"href":"https:\/\/girasolmultimedios.com\/portal\/wp-json\/wp\/v2\/media\/2678"}],"wp:attachment":[{"href":"https:\/\/girasolmultimedios.com\/portal\/wp-json\/wp\/v2\/media?parent=2677"}],"wp:term":[{"taxonomy":"category","embeddable":true,"href":"https:\/\/girasolmultimedios.com\/portal\/wp-json\/wp\/v2\/categories?post=2677"},{"taxonomy":"post_tag","embeddable":true,"href":"https:\/\/girasolmultimedios.com\/portal\/wp-json\/wp\/v2\/tags?post=2677"}],"curies":[{"name":"wp","href":"https:\/\/api.w.org\/{rel}","templated":true}]}}