{"id":2704,"date":"2025-12-10T10:01:09","date_gmt":"2025-12-10T16:01:09","guid":{"rendered":"https:\/\/girasolmultimedios.com\/portal\/?p=2704"},"modified":"2025-12-10T10:01:09","modified_gmt":"2025-12-10T16:01:09","slug":"ascensos-de-114-oficiales-de-las-fuerzas-armadas-de-honduras","status":"publish","type":"post","link":"https:\/\/girasolmultimedios.com\/portal\/ascensos-de-114-oficiales-de-las-fuerzas-armadas-de-honduras\/","title":{"rendered":"Ascensos de 114 oficiales de las Fuerzas Armadas de Honduras"},"content":{"rendered":"\n<p>Con una ceremonia especial se celebr\u00f3 ayer el ascenso de 114 cadetes de las diferentes academias militares que conforman las Fuerzas Armadas de Honduras (FF. AA.).<\/p>\n\n\n\n<p>El magno evento se llev\u00f3 a cabo en horas de la tarde en las instalaciones de la Academia Militar de Honduras General Francisco Moraz\u00e1n, donde estuvieron presentes las principales autoridades de la instituci\u00f3n militar y del viceministro de la Secretar\u00eda de Defensa Nacional (Sedena), Orlando Garner.<\/p>\n\n\n\n<p>Las m\u00e1ximas autoridades de este centro de formaci\u00f3n militar, acompa\u00f1ados de oficiales de planta dieron pergaminos y diplomas a los mejores oficiales que destacaron en su formaci\u00f3n militar para ascender a oficiales.<\/p>\n\n\n\n<p>Cabe mencionar que durante la ceremonia de ascenso de cadetes de IV a\u00f1o se destac\u00f3 en el evento, la importante formaci\u00f3n por cuatro a\u00f1os dentro de las academias militares, marcando su transici\u00f3n final antes de graduarse como oficiales, donde se les impuso el grado superior como subteniente o alf\u00e9rez.<\/p>\n\n\n\n<p>En la formalidad se reconoci\u00f3 el m\u00e9rito acad\u00e9mico, militar y deportivo, involucrando a familiares y autoridades en la imposici\u00f3n de insignias y a menudo incluyendo actos solemnes como traspaso de mando, premiaciones y desfiles, simbolizando su compromiso y futuro liderazgo.<\/p>\n\n\n\n<p>En este contexto, el general de divisi\u00f3n Roosevelt Hern\u00e1ndez Aguilar, indic\u00f3 que se dieron cita las tres dependencias m\u00e1s importantes de las Fuerzas Armadas, como ser: Fuerza Ej\u00e9rcito, Fuerza A\u00e9rea y Fuerza Naval.<\/p>\n\n\n\n<p>Nos sentimos muy contentos con la institucionalidad, representados por los comandantes de las fuerzas y de los directores de estos centros de formaci\u00f3n.<\/p>\n\n\n\n<p>Todos estos hombres y mujeres han iniciado su carrera militar que ser\u00e1 de 35 a\u00f1os, ellos estar\u00e1n en esa disposici\u00f3n para seguir logrando ese progreso y poder ir configurando la jerarqu\u00eda en toda su carrera militar.<\/p>\n\n\n\n<p>Hoy nos sentimos muy honrados y contentos, m\u00e1s con la familia que acompa\u00f1\u00f3 a estos nuevos oficiales, y que creyeron en esta instituci\u00f3n militar.<\/p>\n\n\n\n<p>Estamos entregando lo que a nosotros nos entregaron que es una instituci\u00f3n profesional y permanente, como reza la Constituci\u00f3n de la Rep\u00fablica, o sea una instituci\u00f3n apol\u00edtica y que protege la soberan\u00eda, la integridad territorial y la democracia, finaliz\u00f3.<\/p>\n","protected":false},"excerpt":{"rendered":"<p>Con una ceremonia especial se celebr\u00f3 ayer el ascenso de 114 cadetes de las diferentes academias militares que conforman las Fuerzas Armadas de Honduras (FF. AA.). El magno evento se llev\u00f3 a cabo en horas de la tarde en las instalaciones de la Academia Militar de Honduras General Francisco Moraz\u00e1n, donde estuvieron presentes las principales [&hellip;]<\/p>\n","protected":false},"author":2,"featured_media":2705,"comment_status":"closed","ping_status":"open","sticky":false,"template":"","format":"standard","meta":{"_seopress_robots_primary_cat":"","_seopress_titles_title":"","_seopress_titles_desc":"","_seopress_robots_index":"","footnotes":""},"categories":[1],"tags":[],"class_list":["post-2704","post","type-post","status-publish","format-standard","has-post-thumbnail","hentry","category-sin-categoria"],"_links":{"self":[{"href":"https:\/\/girasolmultimedios.com\/portal\/wp-json\/wp\/v2\/posts\/2704","targetHints":{"allow":["GET"]}}],"collection":[{"href":"https:\/\/girasolmultimedios.com\/portal\/wp-json\/wp\/v2\/posts"}],"about":[{"href":"https:\/\/girasolmultimedios.com\/portal\/wp-json\/wp\/v2\/types\/post"}],"author":[{"embeddable":true,"href":"https:\/\/girasolmultimedios.com\/portal\/wp-json\/wp\/v2\/users\/2"}],"replies":[{"embeddable":true,"href":"https:\/\/girasolmultimedios.com\/portal\/wp-json\/wp\/v2\/comments?post=2704"}],"version-history":[{"count":1,"href":"https:\/\/girasolmultimedios.com\/portal\/wp-json\/wp\/v2\/posts\/2704\/revisions"}],"predecessor-version":[{"id":2706,"href":"https:\/\/girasolmultimedios.com\/portal\/wp-json\/wp\/v2\/posts\/2704\/revisions\/2706"}],"wp:featuredmedia":[{"embeddable":true,"href":"https:\/\/girasolmultimedios.com\/portal\/wp-json\/wp\/v2\/media\/2705"}],"wp:attachment":[{"href":"https:\/\/girasolmultimedios.com\/portal\/wp-json\/wp\/v2\/media?parent=2704"}],"wp:term":[{"taxonomy":"category","embeddable":true,"href":"https:\/\/girasolmultimedios.com\/portal\/wp-json\/wp\/v2\/categories?post=2704"},{"taxonomy":"post_tag","embeddable":true,"href":"https:\/\/girasolmultimedios.com\/portal\/wp-json\/wp\/v2\/tags?post=2704"}],"curies":[{"name":"wp","href":"https:\/\/api.w.org\/{rel}","templated":true}]}}