{"id":2720,"date":"2025-12-11T09:53:51","date_gmt":"2025-12-11T15:53:51","guid":{"rendered":"https:\/\/girasolmultimedios.com\/portal\/?p=2720"},"modified":"2025-12-11T09:53:51","modified_gmt":"2025-12-11T15:53:51","slug":"femina-fallece-por-presunta-intoxicacion-en-comayaguela","status":"publish","type":"post","link":"https:\/\/girasolmultimedios.com\/portal\/femina-fallece-por-presunta-intoxicacion-en-comayaguela\/","title":{"rendered":"F\u00e9mina fallece por presunta intoxicaci\u00f3n en Comayag\u00fcela"},"content":{"rendered":"\n<p>Una mujer falleci\u00f3 este jueves en la S\u00e9ptima Avenida de Comayag\u00fcela por causas a\u00fan indeterminadas, presuntamente relacionadas con una intoxicaci\u00f3n.<\/p>\n\n\n\n<p>Agentes de la Polic\u00eda Nacional acordonaron el \u00e1rea para preservar la escena mientras personal de Medicina Forense lleg\u00f3 al lugar para realizar el levantamiento cadav\u00e9rico y las diligencias correspondientes.<\/p>\n\n\n\n<p>Las autoridades investigan el caso para establecer las circunstancias exactas del deceso.<\/p>\n\n\n\n<p>Hasta el momento no se ha revelado la identidad de la v\u00edctima ni detalles adicionales sobre el incidente.<\/p>\n\n\n\n<p><\/p>\n","protected":false},"excerpt":{"rendered":"<p>Una mujer falleci\u00f3 este jueves en la S\u00e9ptima Avenida de Comayag\u00fcela por causas a\u00fan indeterminadas, presuntamente relacionadas con una intoxicaci\u00f3n. Agentes de la Polic\u00eda Nacional acordonaron el \u00e1rea para preservar la escena mientras personal de Medicina Forense lleg\u00f3 al lugar para realizar el levantamiento cadav\u00e9rico y las diligencias correspondientes. Las autoridades investigan el caso para [&hellip;]<\/p>\n","protected":false},"author":2,"featured_media":2721,"comment_status":"closed","ping_status":"open","sticky":false,"template":"","format":"standard","meta":{"_seopress_robots_primary_cat":"","_seopress_titles_title":"","_seopress_titles_desc":"","_seopress_robots_index":"","footnotes":""},"categories":[1],"tags":[],"class_list":["post-2720","post","type-post","status-publish","format-standard","has-post-thumbnail","hentry","category-sin-categoria"],"_links":{"self":[{"href":"https:\/\/girasolmultimedios.com\/portal\/wp-json\/wp\/v2\/posts\/2720","targetHints":{"allow":["GET"]}}],"collection":[{"href":"https:\/\/girasolmultimedios.com\/portal\/wp-json\/wp\/v2\/posts"}],"about":[{"href":"https:\/\/girasolmultimedios.com\/portal\/wp-json\/wp\/v2\/types\/post"}],"author":[{"embeddable":true,"href":"https:\/\/girasolmultimedios.com\/portal\/wp-json\/wp\/v2\/users\/2"}],"replies":[{"embeddable":true,"href":"https:\/\/girasolmultimedios.com\/portal\/wp-json\/wp\/v2\/comments?post=2720"}],"version-history":[{"count":1,"href":"https:\/\/girasolmultimedios.com\/portal\/wp-json\/wp\/v2\/posts\/2720\/revisions"}],"predecessor-version":[{"id":2722,"href":"https:\/\/girasolmultimedios.com\/portal\/wp-json\/wp\/v2\/posts\/2720\/revisions\/2722"}],"wp:featuredmedia":[{"embeddable":true,"href":"https:\/\/girasolmultimedios.com\/portal\/wp-json\/wp\/v2\/media\/2721"}],"wp:attachment":[{"href":"https:\/\/girasolmultimedios.com\/portal\/wp-json\/wp\/v2\/media?parent=2720"}],"wp:term":[{"taxonomy":"category","embeddable":true,"href":"https:\/\/girasolmultimedios.com\/portal\/wp-json\/wp\/v2\/categories?post=2720"},{"taxonomy":"post_tag","embeddable":true,"href":"https:\/\/girasolmultimedios.com\/portal\/wp-json\/wp\/v2\/tags?post=2720"}],"curies":[{"name":"wp","href":"https:\/\/api.w.org\/{rel}","templated":true}]}}