{"id":2726,"date":"2025-12-11T09:58:31","date_gmt":"2025-12-11T15:58:31","guid":{"rendered":"https:\/\/girasolmultimedios.com\/portal\/?p=2726"},"modified":"2025-12-11T09:58:32","modified_gmt":"2025-12-11T15:58:32","slug":"maxima-seguridad-en-el-cne-de-infop","status":"publish","type":"post","link":"https:\/\/girasolmultimedios.com\/portal\/maxima-seguridad-en-el-cne-de-infop\/","title":{"rendered":"M\u00e1xima seguridad en el CNE de Infop"},"content":{"rendered":"\n<p>La tensi\u00f3n pol\u00edtica en Honduras se intensific\u00f3 desde la noche del martes, cuando las instalaciones del Consejo Nacional Electoral (CNE) ubicadas en el Instituto Nacional de Formaci\u00f3n Profesional (Infop) fueron reforzadas con un fuerte contingente de efectivos de las Fuerzas Armadas y numerosos agentes de la Polic\u00eda Nacional.<\/p>\n\n\n\n<p>La medida se adopt\u00f3 tras la convocatoria realizada por el expresidente y coordinador del Partido Libertad y Refundaci\u00f3n (Libre), Manuel Zelaya Rosales, quien llam\u00f3 a los colectivos de su organizaci\u00f3n a movilizarse hacia el Infop para \u201cdefender el voto\u201d y exigir transparencia en el proceso electoral.<\/p>\n\n\n\n<p>La presidenta del CNE, Ana Paola Hall, solicit\u00f3 formalmente al jefe del Estado Mayor Conjunto, Roosevelt Hern\u00e1ndez, que se garantizara la seguridad del personal, el material electoral y las instalaciones.<\/p>\n\n\n\n<p>Hall subray\u00f3 que el resguardo militar responde al mandato constitucional de proteger los bienes del Estado y asegurar la integridad del proceso democr\u00e1tico.<\/p>\n\n\n\n<p>En las afueras del Infop se concentraron decenas de simpatizantes de Libre, quienes denunciaron lo que consideran un \u201cgolpe electoral en marcha\u201d y exigieron un conteo manual voto por voto.<\/p>\n\n\n\n<p>La protesta se da en el marco del escrutinio especial de 2,773 actas, etapa decisiva para definir los resultados finales de las elecciones generales celebradas el 30 de noviembre.<\/p>\n","protected":false},"excerpt":{"rendered":"<p>La tensi\u00f3n pol\u00edtica en Honduras se intensific\u00f3 desde la noche del martes, cuando las instalaciones del Consejo Nacional Electoral (CNE) ubicadas en el Instituto Nacional de Formaci\u00f3n Profesional (Infop) fueron reforzadas con un fuerte contingente de efectivos de las Fuerzas Armadas y numerosos agentes de la Polic\u00eda Nacional. La medida se adopt\u00f3 tras la convocatoria [&hellip;]<\/p>\n","protected":false},"author":2,"featured_media":2727,"comment_status":"closed","ping_status":"open","sticky":false,"template":"","format":"standard","meta":{"_seopress_robots_primary_cat":"","_seopress_titles_title":"","_seopress_titles_desc":"","_seopress_robots_index":"","footnotes":""},"categories":[1],"tags":[],"class_list":["post-2726","post","type-post","status-publish","format-standard","has-post-thumbnail","hentry","category-sin-categoria"],"_links":{"self":[{"href":"https:\/\/girasolmultimedios.com\/portal\/wp-json\/wp\/v2\/posts\/2726","targetHints":{"allow":["GET"]}}],"collection":[{"href":"https:\/\/girasolmultimedios.com\/portal\/wp-json\/wp\/v2\/posts"}],"about":[{"href":"https:\/\/girasolmultimedios.com\/portal\/wp-json\/wp\/v2\/types\/post"}],"author":[{"embeddable":true,"href":"https:\/\/girasolmultimedios.com\/portal\/wp-json\/wp\/v2\/users\/2"}],"replies":[{"embeddable":true,"href":"https:\/\/girasolmultimedios.com\/portal\/wp-json\/wp\/v2\/comments?post=2726"}],"version-history":[{"count":1,"href":"https:\/\/girasolmultimedios.com\/portal\/wp-json\/wp\/v2\/posts\/2726\/revisions"}],"predecessor-version":[{"id":2728,"href":"https:\/\/girasolmultimedios.com\/portal\/wp-json\/wp\/v2\/posts\/2726\/revisions\/2728"}],"wp:featuredmedia":[{"embeddable":true,"href":"https:\/\/girasolmultimedios.com\/portal\/wp-json\/wp\/v2\/media\/2727"}],"wp:attachment":[{"href":"https:\/\/girasolmultimedios.com\/portal\/wp-json\/wp\/v2\/media?parent=2726"}],"wp:term":[{"taxonomy":"category","embeddable":true,"href":"https:\/\/girasolmultimedios.com\/portal\/wp-json\/wp\/v2\/categories?post=2726"},{"taxonomy":"post_tag","embeddable":true,"href":"https:\/\/girasolmultimedios.com\/portal\/wp-json\/wp\/v2\/tags?post=2726"}],"curies":[{"name":"wp","href":"https:\/\/api.w.org\/{rel}","templated":true}]}}