{"id":2740,"date":"2025-12-11T10:06:45","date_gmt":"2025-12-11T16:06:45","guid":{"rendered":"https:\/\/girasolmultimedios.com\/portal\/?p=2740"},"modified":"2025-12-11T10:06:46","modified_gmt":"2025-12-11T16:06:46","slug":"dos-menores-motociclistas-mueren-en-diferentes-accidentes-en-choluteca","status":"publish","type":"post","link":"https:\/\/girasolmultimedios.com\/portal\/dos-menores-motociclistas-mueren-en-diferentes-accidentes-en-choluteca\/","title":{"rendered":"Dos menores motociclistas mueren en diferentes accidentes en Choluteca"},"content":{"rendered":"\n<p>En menos de una semana, dos adolescentes perdieron la vida en accidentes de motocicleta ocurridos en distintas comunidades de El Triunfo, Choluteca, dejando consternaci\u00f3n entre familiares y pobladores de la zona.<\/p>\n\n\n\n<p>El primero de los hechos se registr\u00f3 el pasado s\u00e1bado en la comunidad de El Fort\u00edn. El adolescente *Gerzon Fernando Contreras*, de 14 a\u00f1os, sufri\u00f3 un fuerte choque al impactar contra otra motocicleta. El menor result\u00f3 gravemente herido y fue trasladado al Hospital Escuela, donde pese a los esfuerzos del personal m\u00e9dico, falleci\u00f3 debido a la gravedad de sus lesiones.<\/p>\n\n\n\n<p>El segundo accidente ocurri\u00f3 el mi\u00e9rcoles en la aldea Santa Teresa. En este caso, *Brayan Josiel Carranza Flores*, de 17 a\u00f1os, se desplazaba en su motocicleta cuando una llanta explot\u00f3 repentinamente, provoc\u00e1ndole la p\u00e9rdida total del control del veh\u00edculo. El joven cay\u00f3 aparatosamente, sufriendo heridas severas. Fue llevado de emergencia al Hospital Escuela, donde perdi\u00f3 la vida horas m\u00e1s tarde.<\/p>\n\n\n\n<p>Tras confirmarse los decesos, ambos cuerpos fueron trasladados a la morgue de Tegucigalpa para la realizaci\u00f3n de los procedimientos forenses correspondientes.<\/p>\n","protected":false},"excerpt":{"rendered":"<p>En menos de una semana, dos adolescentes perdieron la vida en accidentes de motocicleta ocurridos en distintas comunidades de El Triunfo, Choluteca, dejando consternaci\u00f3n entre familiares y pobladores de la zona. El primero de los hechos se registr\u00f3 el pasado s\u00e1bado en la comunidad de El Fort\u00edn. El adolescente *Gerzon Fernando Contreras*, de 14 a\u00f1os, [&hellip;]<\/p>\n","protected":false},"author":2,"featured_media":2741,"comment_status":"closed","ping_status":"open","sticky":false,"template":"","format":"standard","meta":{"_seopress_robots_primary_cat":"","_seopress_titles_title":"","_seopress_titles_desc":"","_seopress_robots_index":"","footnotes":""},"categories":[1],"tags":[],"class_list":["post-2740","post","type-post","status-publish","format-standard","has-post-thumbnail","hentry","category-sin-categoria"],"_links":{"self":[{"href":"https:\/\/girasolmultimedios.com\/portal\/wp-json\/wp\/v2\/posts\/2740","targetHints":{"allow":["GET"]}}],"collection":[{"href":"https:\/\/girasolmultimedios.com\/portal\/wp-json\/wp\/v2\/posts"}],"about":[{"href":"https:\/\/girasolmultimedios.com\/portal\/wp-json\/wp\/v2\/types\/post"}],"author":[{"embeddable":true,"href":"https:\/\/girasolmultimedios.com\/portal\/wp-json\/wp\/v2\/users\/2"}],"replies":[{"embeddable":true,"href":"https:\/\/girasolmultimedios.com\/portal\/wp-json\/wp\/v2\/comments?post=2740"}],"version-history":[{"count":1,"href":"https:\/\/girasolmultimedios.com\/portal\/wp-json\/wp\/v2\/posts\/2740\/revisions"}],"predecessor-version":[{"id":2742,"href":"https:\/\/girasolmultimedios.com\/portal\/wp-json\/wp\/v2\/posts\/2740\/revisions\/2742"}],"wp:featuredmedia":[{"embeddable":true,"href":"https:\/\/girasolmultimedios.com\/portal\/wp-json\/wp\/v2\/media\/2741"}],"wp:attachment":[{"href":"https:\/\/girasolmultimedios.com\/portal\/wp-json\/wp\/v2\/media?parent=2740"}],"wp:term":[{"taxonomy":"category","embeddable":true,"href":"https:\/\/girasolmultimedios.com\/portal\/wp-json\/wp\/v2\/categories?post=2740"},{"taxonomy":"post_tag","embeddable":true,"href":"https:\/\/girasolmultimedios.com\/portal\/wp-json\/wp\/v2\/tags?post=2740"}],"curies":[{"name":"wp","href":"https:\/\/api.w.org\/{rel}","templated":true}]}}