{"id":2761,"date":"2025-12-12T09:52:23","date_gmt":"2025-12-12T15:52:23","guid":{"rendered":"https:\/\/girasolmultimedios.com\/portal\/?p=2761"},"modified":"2025-12-12T09:53:15","modified_gmt":"2025-12-12T15:53:15","slug":"catolicos-conmemoran-el-dia-de-la-virgen-de-guadalupe","status":"publish","type":"post","link":"https:\/\/girasolmultimedios.com\/portal\/catolicos-conmemoran-el-dia-de-la-virgen-de-guadalupe\/","title":{"rendered":"Cat\u00f3licos conmemoran el D\u00eda de la Virgen de Guadalupe"},"content":{"rendered":"\n<p>La feligres\u00eda cat\u00f3lica en San Pedro Sula celebra este viernes el aniversario de la Virgen de Guadalupe en la iglesia que lleva su nombre, ubicada en la colonia Honduras.<\/p>\n\n\n\n<p>Desde tempranas horas, decenas de familias han llegado al templo para participar en las actividades religiosas organizadas en honor a esta advocaci\u00f3n mariana.<\/p>\n\n\n\n<p>Cada 12 de diciembre, la Iglesia Cat\u00f3lica conmemora el D\u00eda de la Virgen de Guadalupe, una de las advocaciones m\u00e1s queridas y veneradas de la Madre de Dios en todo el continente.<\/p>\n\n\n\n<p>La Virgen de Guadalupe es reconocida como Patrona de M\u00e9xico y de las Am\u00e9ricas, debido a su aparici\u00f3n en el cerro del Tepeyac en el siglo XV, hecho que marc\u00f3 profundamente la fe de millones de personas.<\/p>\n\n\n\n<p>En la ciudad, las celebraciones incluyen misas especiales, rezos, ma\u00f1anitas, ofrendas florales y actividades culturales que buscan resaltar la devoci\u00f3n guadalupana y la tradici\u00f3n que se ha transmitido por generaciones.<\/p>\n\n\n\n<p>A nivel internacional, millones de peregrinos se dirigen este d\u00eda a la Bas\u00edlica de Guadalupe en Ciudad de M\u00e9xico, uno de los santuarios m\u00e1s visitados del mundo, para agradecer favores, pedir protecci\u00f3n o cumplir promesas.<\/p>\n\n\n\n<p>Esta movilizaci\u00f3n masiva es considerada una de las expresiones de fe m\u00e1s grandes del continente.<\/p>\n\n\n\n<p>Las autoridades religiosas en San Pedro Sula destacaron que la celebraci\u00f3n busca no solo recordar un hecho hist\u00f3rico, sino tambi\u00e9n fortalecer la unidad familiar, la espiritualidad y la tradici\u00f3n cultural que rodea a la Virgen Morena.<\/p>\n","protected":false},"excerpt":{"rendered":"<p>La feligres\u00eda cat\u00f3lica en San Pedro Sula celebra este viernes el aniversario de la Virgen de Guadalupe en la iglesia que lleva su nombre, ubicada en la colonia Honduras. Desde tempranas horas, decenas de familias han llegado al templo para participar en las actividades religiosas organizadas en honor a esta advocaci\u00f3n mariana. Cada 12 de [&hellip;]<\/p>\n","protected":false},"author":2,"featured_media":2762,"comment_status":"closed","ping_status":"open","sticky":false,"template":"","format":"standard","meta":{"_seopress_robots_primary_cat":"","_seopress_titles_title":"","_seopress_titles_desc":"","_seopress_robots_index":"","footnotes":""},"categories":[1],"tags":[],"class_list":["post-2761","post","type-post","status-publish","format-standard","has-post-thumbnail","hentry","category-sin-categoria"],"_links":{"self":[{"href":"https:\/\/girasolmultimedios.com\/portal\/wp-json\/wp\/v2\/posts\/2761","targetHints":{"allow":["GET"]}}],"collection":[{"href":"https:\/\/girasolmultimedios.com\/portal\/wp-json\/wp\/v2\/posts"}],"about":[{"href":"https:\/\/girasolmultimedios.com\/portal\/wp-json\/wp\/v2\/types\/post"}],"author":[{"embeddable":true,"href":"https:\/\/girasolmultimedios.com\/portal\/wp-json\/wp\/v2\/users\/2"}],"replies":[{"embeddable":true,"href":"https:\/\/girasolmultimedios.com\/portal\/wp-json\/wp\/v2\/comments?post=2761"}],"version-history":[{"count":1,"href":"https:\/\/girasolmultimedios.com\/portal\/wp-json\/wp\/v2\/posts\/2761\/revisions"}],"predecessor-version":[{"id":2763,"href":"https:\/\/girasolmultimedios.com\/portal\/wp-json\/wp\/v2\/posts\/2761\/revisions\/2763"}],"wp:featuredmedia":[{"embeddable":true,"href":"https:\/\/girasolmultimedios.com\/portal\/wp-json\/wp\/v2\/media\/2762"}],"wp:attachment":[{"href":"https:\/\/girasolmultimedios.com\/portal\/wp-json\/wp\/v2\/media?parent=2761"}],"wp:term":[{"taxonomy":"category","embeddable":true,"href":"https:\/\/girasolmultimedios.com\/portal\/wp-json\/wp\/v2\/categories?post=2761"},{"taxonomy":"post_tag","embeddable":true,"href":"https:\/\/girasolmultimedios.com\/portal\/wp-json\/wp\/v2\/tags?post=2761"}],"curies":[{"name":"wp","href":"https:\/\/api.w.org\/{rel}","templated":true}]}}