{"id":2768,"date":"2025-12-12T09:55:49","date_gmt":"2025-12-12T15:55:49","guid":{"rendered":"https:\/\/girasolmultimedios.com\/portal\/?p=2768"},"modified":"2025-12-12T09:55:50","modified_gmt":"2025-12-12T15:55:50","slug":"arranca-el-festival-de-chimeneas-gigantes-en-santa-barbara","status":"publish","type":"post","link":"https:\/\/girasolmultimedios.com\/portal\/arranca-el-festival-de-chimeneas-gigantes-en-santa-barbara\/","title":{"rendered":"Arranca el Festival de Chimeneas Gigantes en Santa B\u00e1rbara"},"content":{"rendered":"\n<p>La ciudad de Trinidad, en el departamento de Santa B\u00e1rbara, vuelve a convertirse este viernes en la capital del arte y la cultura popular con el inicio del tradicional Festival de Chimeneas Gigantes, una de las celebraciones decembrinas m\u00e1s emblem\u00e1ticas de Honduras.<\/p>\n\n\n\n<p>Las calles del municipio se llenan de color, creatividad y tradici\u00f3n, dando vida a una festividad que ha evolucionado a lo largo de los a\u00f1os hasta convertirse en un referente cultural nacional.<\/p>\n\n\n\n<p>Cada edici\u00f3n del festival gira en torno a un tema especial, y este a\u00f1o el homenaje est\u00e1 dedicado al Benem\u00e9rito Pablo Zelaya Sierra, Edgardo Casa\u00f1a y los Chimineros Tecos, figuras que han dejado huella en el arte y la cultura hondure\u00f1a.<\/p>\n\n\n\n<h2 class=\"wp-block-heading\"><strong>Una tradici\u00f3n que evolucion\u00f3 al arte monumental<\/strong><\/h2>\n\n\n\n<p>Lo que hoy son enormes estructuras art\u00edsticas inici\u00f3 como una sencilla pr\u00e1ctica devocional: antiguamente, las chimeneas eran antorchas de ocote encendidas frente a los hogares en honor a la Virgen de la Inmaculada Concepci\u00f3n de Mar\u00eda.<\/p>\n\n\n\n<p>Con el tiempo, esta tradici\u00f3n fue transform\u00e1ndose hasta dar paso a las impresionantes obras que adornan las calles de Trinidad cada diciembre.<\/p>\n\n\n\n<p>Las Chimeneas Gigantes est\u00e1n elaboradas por talentosos artesanos hondure\u00f1os utilizando materiales como alambre, peri\u00f3dico, papel, madera, ocote y fibras naturales como yute, mezcal y palma.<\/p>\n\n\n\n<p>Estas imponentes figuras destacan por su detalle y simbolismo, representando elementos de la cultura, fauna, flora, arte e historia, as\u00ed como personajes mitol\u00f3gicos y populares de Honduras.<\/p>\n","protected":false},"excerpt":{"rendered":"<p>La ciudad de Trinidad, en el departamento de Santa B\u00e1rbara, vuelve a convertirse este viernes en la capital del arte y la cultura popular con el inicio del tradicional Festival de Chimeneas Gigantes, una de las celebraciones decembrinas m\u00e1s emblem\u00e1ticas de Honduras. Las calles del municipio se llenan de color, creatividad y tradici\u00f3n, dando vida [&hellip;]<\/p>\n","protected":false},"author":2,"featured_media":2769,"comment_status":"closed","ping_status":"open","sticky":false,"template":"","format":"standard","meta":{"_seopress_robots_primary_cat":"","_seopress_titles_title":"","_seopress_titles_desc":"","_seopress_robots_index":"","footnotes":""},"categories":[1],"tags":[],"class_list":["post-2768","post","type-post","status-publish","format-standard","has-post-thumbnail","hentry","category-sin-categoria"],"_links":{"self":[{"href":"https:\/\/girasolmultimedios.com\/portal\/wp-json\/wp\/v2\/posts\/2768","targetHints":{"allow":["GET"]}}],"collection":[{"href":"https:\/\/girasolmultimedios.com\/portal\/wp-json\/wp\/v2\/posts"}],"about":[{"href":"https:\/\/girasolmultimedios.com\/portal\/wp-json\/wp\/v2\/types\/post"}],"author":[{"embeddable":true,"href":"https:\/\/girasolmultimedios.com\/portal\/wp-json\/wp\/v2\/users\/2"}],"replies":[{"embeddable":true,"href":"https:\/\/girasolmultimedios.com\/portal\/wp-json\/wp\/v2\/comments?post=2768"}],"version-history":[{"count":1,"href":"https:\/\/girasolmultimedios.com\/portal\/wp-json\/wp\/v2\/posts\/2768\/revisions"}],"predecessor-version":[{"id":2770,"href":"https:\/\/girasolmultimedios.com\/portal\/wp-json\/wp\/v2\/posts\/2768\/revisions\/2770"}],"wp:featuredmedia":[{"embeddable":true,"href":"https:\/\/girasolmultimedios.com\/portal\/wp-json\/wp\/v2\/media\/2769"}],"wp:attachment":[{"href":"https:\/\/girasolmultimedios.com\/portal\/wp-json\/wp\/v2\/media?parent=2768"}],"wp:term":[{"taxonomy":"category","embeddable":true,"href":"https:\/\/girasolmultimedios.com\/portal\/wp-json\/wp\/v2\/categories?post=2768"},{"taxonomy":"post_tag","embeddable":true,"href":"https:\/\/girasolmultimedios.com\/portal\/wp-json\/wp\/v2\/tags?post=2768"}],"curies":[{"name":"wp","href":"https:\/\/api.w.org\/{rel}","templated":true}]}}