{"id":2774,"date":"2025-12-12T09:58:58","date_gmt":"2025-12-12T15:58:58","guid":{"rendered":"https:\/\/girasolmultimedios.com\/portal\/?p=2774"},"modified":"2025-12-12T09:58:59","modified_gmt":"2025-12-12T15:58:59","slug":"unah-tendra-60-buses-mas-en-la-capital-para-brindar-transporte-gratis-en-2026","status":"publish","type":"post","link":"https:\/\/girasolmultimedios.com\/portal\/unah-tendra-60-buses-mas-en-la-capital-para-brindar-transporte-gratis-en-2026\/","title":{"rendered":"UNAH tendr\u00e1 60 buses m\u00e1s en la capital para brindar transporte gratis en 2026"},"content":{"rendered":"\n<p>La\u00a0Universidad Nacional Aut\u00f3noma de Honduras (UNAH)\u00a0anunci\u00f3 que aumentar\u00e1 su flota de buses gratuitos para estudiantes a nivel nacional como parte de la expansi\u00f3n del programa de transporte que comenz\u00f3 en Tegucigalpa.<\/p>\n\n\n\n<p>La instituci\u00f3n confirm\u00f3 que en 2026 implementar\u00e1 nuevas rutas en cinco campus del pa\u00eds para mejorar la movilidad, seguridad y acceso a la educaci\u00f3n superior.<\/p>\n\n\n\n<p>La UNAH inform\u00f3 que el sistema, inicialmente exitoso en Ciudad Universitaria con 26 unidades, sumar\u00e1 m\u00e1s de 60 buses adicionales para la capital.<\/p>\n\n\n\n<p>Adem\u00e1s, extender\u00e1 el servicio a los campus de San Pedro Sula, Choluteca, Comayagua, Olancho y La Ceiba durante el pr\u00f3ximo a\u00f1o acad\u00e9mico.<\/p>\n\n\n\n<p>Con esta ampliaci\u00f3n, la universidad convertir\u00e1 el programa en una soluci\u00f3n de transporte seguro y gratuito para miles de estudiantes fuera de la regi\u00f3n central.<\/p>\n\n\n\n<p>El proyecto busca reducir barreras econ\u00f3micas y favorecer la permanencia estudiantil, ofreciendo rutas y estaciones definidas que sustituyan los desplazamientos inseguros en transporte informal.<\/p>\n\n\n\n<p>La UNAH destac\u00f3 que la iniciativa cuenta con el respaldo del Programa de las Naciones Unidas para el Desarrollo (PNUD), lo que garantiza su calidad sin generar costos para los alumnos.<\/p>\n","protected":false},"excerpt":{"rendered":"<p>La\u00a0Universidad Nacional Aut\u00f3noma de Honduras (UNAH)\u00a0anunci\u00f3 que aumentar\u00e1 su flota de buses gratuitos para estudiantes a nivel nacional como parte de la expansi\u00f3n del programa de transporte que comenz\u00f3 en Tegucigalpa. La instituci\u00f3n confirm\u00f3 que en 2026 implementar\u00e1 nuevas rutas en cinco campus del pa\u00eds para mejorar la movilidad, seguridad y acceso a la educaci\u00f3n [&hellip;]<\/p>\n","protected":false},"author":2,"featured_media":2775,"comment_status":"closed","ping_status":"open","sticky":false,"template":"","format":"standard","meta":{"_seopress_robots_primary_cat":"","_seopress_titles_title":"","_seopress_titles_desc":"","_seopress_robots_index":"","footnotes":""},"categories":[1],"tags":[],"class_list":["post-2774","post","type-post","status-publish","format-standard","has-post-thumbnail","hentry","category-sin-categoria"],"_links":{"self":[{"href":"https:\/\/girasolmultimedios.com\/portal\/wp-json\/wp\/v2\/posts\/2774","targetHints":{"allow":["GET"]}}],"collection":[{"href":"https:\/\/girasolmultimedios.com\/portal\/wp-json\/wp\/v2\/posts"}],"about":[{"href":"https:\/\/girasolmultimedios.com\/portal\/wp-json\/wp\/v2\/types\/post"}],"author":[{"embeddable":true,"href":"https:\/\/girasolmultimedios.com\/portal\/wp-json\/wp\/v2\/users\/2"}],"replies":[{"embeddable":true,"href":"https:\/\/girasolmultimedios.com\/portal\/wp-json\/wp\/v2\/comments?post=2774"}],"version-history":[{"count":1,"href":"https:\/\/girasolmultimedios.com\/portal\/wp-json\/wp\/v2\/posts\/2774\/revisions"}],"predecessor-version":[{"id":2776,"href":"https:\/\/girasolmultimedios.com\/portal\/wp-json\/wp\/v2\/posts\/2774\/revisions\/2776"}],"wp:featuredmedia":[{"embeddable":true,"href":"https:\/\/girasolmultimedios.com\/portal\/wp-json\/wp\/v2\/media\/2775"}],"wp:attachment":[{"href":"https:\/\/girasolmultimedios.com\/portal\/wp-json\/wp\/v2\/media?parent=2774"}],"wp:term":[{"taxonomy":"category","embeddable":true,"href":"https:\/\/girasolmultimedios.com\/portal\/wp-json\/wp\/v2\/categories?post=2774"},{"taxonomy":"post_tag","embeddable":true,"href":"https:\/\/girasolmultimedios.com\/portal\/wp-json\/wp\/v2\/tags?post=2774"}],"curies":[{"name":"wp","href":"https:\/\/api.w.org\/{rel}","templated":true}]}}