{"id":2801,"date":"2025-12-15T10:03:46","date_gmt":"2025-12-15T16:03:46","guid":{"rendered":"https:\/\/girasolmultimedios.com\/portal\/?p=2801"},"modified":"2025-12-15T10:03:47","modified_gmt":"2025-12-15T16:03:47","slug":"copeco-declara-alerta-verde-en-seis-departamentos-por-ingreso-de-masa-de-aire-frio","status":"publish","type":"post","link":"https:\/\/girasolmultimedios.com\/portal\/copeco-declara-alerta-verde-en-seis-departamentos-por-ingreso-de-masa-de-aire-frio\/","title":{"rendered":"Copeco declara Alerta Verde en seis departamentos por ingreso de masa de aire fr\u00edo"},"content":{"rendered":"\n<p>La\u00a0Secretar\u00eda de Gesti\u00f3n de Riesgos y Contingencias Nacionales (Copeco)\u00a0declar\u00f3 Alerta Verde por 48 horas en las zonas norte, noroccidente y Caribe de Honduras.<\/p>\n\n\n\n<p>La medida incluye a los departamentos de Santa B\u00e1rbara, Cort\u00e9s, Yoro, Col\u00f3n, Atl\u00e1ntida e Islas de la Bah\u00eda.<\/p>\n\n\n\n<p>Seg\u00fan el Centro Nacional de Estudios Atmosf\u00e9ricos, Oceanogr\u00e1ficos y S\u00edsmicos (Cenaos), una masa de aire fr\u00edo ingresar\u00e1 al territorio hondure\u00f1o durante la madrugada, lo que provocar\u00e1 vientos frescos del norte y noreste, cielo nublado, descenso de la temperatura y lluvias de moderadas a fuertes con actividad el\u00e9ctrica.<\/p>\n\n\n\n<p>En sectores urbanos de la costa norte, los acumulados diarios podr\u00edan superar los 80 mil\u00edmetros.<\/p>\n\n\n\n<p>Copeco inform\u00f3 que en las regiones central, oriental y el resto del occidente se esperan precipitaciones d\u00e9biles y dispersas durante la tarde y la noche, mientras que en la zona sur se prev\u00e9n rachas de viento de entre 30 y 50 kil\u00f3metros por hora.<\/p>\n","protected":false},"excerpt":{"rendered":"<p>La\u00a0Secretar\u00eda de Gesti\u00f3n de Riesgos y Contingencias Nacionales (Copeco)\u00a0declar\u00f3 Alerta Verde por 48 horas en las zonas norte, noroccidente y Caribe de Honduras. La medida incluye a los departamentos de Santa B\u00e1rbara, Cort\u00e9s, Yoro, Col\u00f3n, Atl\u00e1ntida e Islas de la Bah\u00eda. Seg\u00fan el Centro Nacional de Estudios Atmosf\u00e9ricos, Oceanogr\u00e1ficos y S\u00edsmicos (Cenaos), una masa de [&hellip;]<\/p>\n","protected":false},"author":2,"featured_media":2802,"comment_status":"closed","ping_status":"open","sticky":false,"template":"","format":"standard","meta":{"_seopress_robots_primary_cat":"","_seopress_titles_title":"","_seopress_titles_desc":"","_seopress_robots_index":"","footnotes":""},"categories":[23],"tags":[],"class_list":["post-2801","post","type-post","status-publish","format-standard","has-post-thumbnail","hentry","category-nacionales"],"_links":{"self":[{"href":"https:\/\/girasolmultimedios.com\/portal\/wp-json\/wp\/v2\/posts\/2801","targetHints":{"allow":["GET"]}}],"collection":[{"href":"https:\/\/girasolmultimedios.com\/portal\/wp-json\/wp\/v2\/posts"}],"about":[{"href":"https:\/\/girasolmultimedios.com\/portal\/wp-json\/wp\/v2\/types\/post"}],"author":[{"embeddable":true,"href":"https:\/\/girasolmultimedios.com\/portal\/wp-json\/wp\/v2\/users\/2"}],"replies":[{"embeddable":true,"href":"https:\/\/girasolmultimedios.com\/portal\/wp-json\/wp\/v2\/comments?post=2801"}],"version-history":[{"count":1,"href":"https:\/\/girasolmultimedios.com\/portal\/wp-json\/wp\/v2\/posts\/2801\/revisions"}],"predecessor-version":[{"id":2803,"href":"https:\/\/girasolmultimedios.com\/portal\/wp-json\/wp\/v2\/posts\/2801\/revisions\/2803"}],"wp:featuredmedia":[{"embeddable":true,"href":"https:\/\/girasolmultimedios.com\/portal\/wp-json\/wp\/v2\/media\/2802"}],"wp:attachment":[{"href":"https:\/\/girasolmultimedios.com\/portal\/wp-json\/wp\/v2\/media?parent=2801"}],"wp:term":[{"taxonomy":"category","embeddable":true,"href":"https:\/\/girasolmultimedios.com\/portal\/wp-json\/wp\/v2\/categories?post=2801"},{"taxonomy":"post_tag","embeddable":true,"href":"https:\/\/girasolmultimedios.com\/portal\/wp-json\/wp\/v2\/tags?post=2801"}],"curies":[{"name":"wp","href":"https:\/\/api.w.org\/{rel}","templated":true}]}}