{"id":2811,"date":"2025-12-16T09:41:29","date_gmt":"2025-12-16T15:41:29","guid":{"rendered":"https:\/\/girasolmultimedios.com\/portal\/?p=2811"},"modified":"2025-12-16T09:41:30","modified_gmt":"2025-12-16T15:41:30","slug":"tragedia-en-catacamas-muere-nino-de-un-ano-tras-caer-en-un-balde-con-agua","status":"publish","type":"post","link":"https:\/\/girasolmultimedios.com\/portal\/tragedia-en-catacamas-muere-nino-de-un-ano-tras-caer-en-un-balde-con-agua\/","title":{"rendered":"Tragedia en Catacamas: Muere ni\u00f1o de un a\u00f1o tras caer en un balde con agua"},"content":{"rendered":"\n<p>Un menor de apenas un a\u00f1o de edad perdi\u00f3 la vida luego de caer en un balde con agua dentro de su vivienda, ubicada entre los barrios Los Laureles y El Hatillo, en el municipio de Catacamas, departamento de Olancho, al oriente de Honduras.<\/p>\n\n\n\n<p>De acuerdo con informaci\u00f3n proporcionada por medios locales, el lamentable hecho ocurri\u00f3 en horas de la tarde de este lunes 15 de diciembre, aunque hasta el momento no se han brindado mayores detalles sobre las circunstancias exactas del accidente.<\/p>\n\n\n\n<p>El ni\u00f1o, cuyo nombre no fue revelado, ha sido despedido con mensajes de profundo dolor por parte de sus familiares en redes sociales. Su madre, Mailin Alvarado, comparti\u00f3 una historia en Facebook junto a una imagen con su peque\u00f1o, acompa\u00f1ada del desgarrador mensaje: \u201cMe toc\u00f3 verte partir mi angelito, mi ni\u00f1o, nooo\u201d.<\/p>\n\n\n\n<p>Asimismo, otra integrante de la familia, Valeria Garc\u00eda, public\u00f3 un video de la celebraci\u00f3n del primer cumplea\u00f1os del menor con la frase: \u201cAngelito hermoso, esto duele\u201d.<\/p>\n\n\n\n<p>La tragedia ha generado m\u00faltiples muestras de solidaridad en redes sociales. Comentarios como \u201cDios m\u00edo, mucha tristeza en mi coraz\u00f3n, un angelito\u201d, \u201cAnoche la mir\u00e9 con su beb\u00e9 en el parque mirando las luces, pobre madre\u201d y \u201cQue Dios les d\u00e9 el consuelo que necesitan en estos momentos tan dif\u00edciles\u201d reflejan el impacto del suceso en la comunidad.<\/p>\n\n\n\n<h3 class=\"wp-block-heading\"><strong>Otro caso similar en Ocotepeque<\/strong><\/h3>\n\n\n\n<p>Este hecho se suma a otro caso ocurrido recientemente en el pa\u00eds. El s\u00e1bado 6 de diciembre, una ni\u00f1a identificada como Ana\u00eds Mej\u00eda, de casi dos a\u00f1os, falleci\u00f3 tras caer en la pila de su vivienda en la colonia El Berrinche, en el municipio de La Encarnaci\u00f3n, departamento de Ocotepeque, al occidente de Honduras.<\/p>\n\n\n\n<h3 class=\"wp-block-heading\"><strong>Muertes por sumersi\u00f3n en Honduras<\/strong><\/h3>\n\n\n\n<p>De acuerdo con datos del Sistema Estad\u00edstico Policial en L\u00ednea (Sepol) de la Secretar\u00eda de Seguridad, entre el 1 de enero y el 11 de diciembre de 2025 se han registrado 179 muertes por sumersi\u00f3n en Honduras.<\/p>\n\n\n\n<p>Los departamentos con mayor n\u00famero de casos son Cort\u00e9s (25), Francisco Moraz\u00e1n (14), Choluteca (14) y Lempira (13), seg\u00fan el reporte oficial.<\/p>\n\n\n\n<p>Las autoridades reiteran el llamado a extremar las medidas de seguridad en los hogares, especialmente en aquellos donde hay ni\u00f1os peque\u00f1os, para prevenir este tipo de tragedias.<\/p>\n","protected":false},"excerpt":{"rendered":"<p>Un menor de apenas un a\u00f1o de edad perdi\u00f3 la vida luego de caer en un balde con agua dentro de su vivienda, ubicada entre los barrios Los Laureles y El Hatillo, en el municipio de Catacamas, departamento de Olancho, al oriente de Honduras. De acuerdo con informaci\u00f3n proporcionada por medios locales, el lamentable hecho [&hellip;]<\/p>\n","protected":false},"author":2,"featured_media":2812,"comment_status":"closed","ping_status":"open","sticky":false,"template":"","format":"standard","meta":{"_seopress_robots_primary_cat":"","_seopress_titles_title":"","_seopress_titles_desc":"","_seopress_robots_index":"","footnotes":""},"categories":[1],"tags":[],"class_list":["post-2811","post","type-post","status-publish","format-standard","has-post-thumbnail","hentry","category-sin-categoria"],"_links":{"self":[{"href":"https:\/\/girasolmultimedios.com\/portal\/wp-json\/wp\/v2\/posts\/2811","targetHints":{"allow":["GET"]}}],"collection":[{"href":"https:\/\/girasolmultimedios.com\/portal\/wp-json\/wp\/v2\/posts"}],"about":[{"href":"https:\/\/girasolmultimedios.com\/portal\/wp-json\/wp\/v2\/types\/post"}],"author":[{"embeddable":true,"href":"https:\/\/girasolmultimedios.com\/portal\/wp-json\/wp\/v2\/users\/2"}],"replies":[{"embeddable":true,"href":"https:\/\/girasolmultimedios.com\/portal\/wp-json\/wp\/v2\/comments?post=2811"}],"version-history":[{"count":1,"href":"https:\/\/girasolmultimedios.com\/portal\/wp-json\/wp\/v2\/posts\/2811\/revisions"}],"predecessor-version":[{"id":2813,"href":"https:\/\/girasolmultimedios.com\/portal\/wp-json\/wp\/v2\/posts\/2811\/revisions\/2813"}],"wp:featuredmedia":[{"embeddable":true,"href":"https:\/\/girasolmultimedios.com\/portal\/wp-json\/wp\/v2\/media\/2812"}],"wp:attachment":[{"href":"https:\/\/girasolmultimedios.com\/portal\/wp-json\/wp\/v2\/media?parent=2811"}],"wp:term":[{"taxonomy":"category","embeddable":true,"href":"https:\/\/girasolmultimedios.com\/portal\/wp-json\/wp\/v2\/categories?post=2811"},{"taxonomy":"post_tag","embeddable":true,"href":"https:\/\/girasolmultimedios.com\/portal\/wp-json\/wp\/v2\/tags?post=2811"}],"curies":[{"name":"wp","href":"https:\/\/api.w.org\/{rel}","templated":true}]}}