{"id":2817,"date":"2025-12-16T09:47:02","date_gmt":"2025-12-16T15:47:02","guid":{"rendered":"https:\/\/girasolmultimedios.com\/portal\/?p=2817"},"modified":"2025-12-16T09:47:02","modified_gmt":"2025-12-16T15:47:02","slug":"sesal-alerta-por-aumento-de-influenza-a-h3n2-y-refuerza-vigilancia","status":"publish","type":"post","link":"https:\/\/girasolmultimedios.com\/portal\/sesal-alerta-por-aumento-de-influenza-a-h3n2-y-refuerza-vigilancia\/","title":{"rendered":"Sesal alerta por aumento de influenza A H3N2 y refuerza vigilancia"},"content":{"rendered":"\n<p>La\u00a0Secretar\u00eda de Salud de Honduras (Sesal), a trav\u00e9s de la Unidad de Vigilancia de la Salud (UVS), alert\u00f3 al personal de salud p\u00fablico y privado, as\u00ed como a la poblaci\u00f3n en general, sobre el aumento de la circulaci\u00f3n del virus de influenza A (H3N2) subclade K (J.2.4.1), tras una nota informativa emitida por la Organizaci\u00f3n Panamericana de la Salud (OPS) el pasado 11 de diciembre.<\/p>\n\n\n\n<p>La Sesal record\u00f3 que la influenza es una enfermedad viral aguda de car\u00e1cter estacional en el pa\u00eds, con mayor incidencia durante la temporada de fr\u00edo, entre octubre y enero.<\/p>\n\n\n\n<p>Entre los s\u00edntomas m\u00e1s frecuentes se encuentran la aparici\u00f3n s\u00fabita de fiebre, tos seca y persistente, dolor de garganta, dolores musculares y articulares, malestar general intenso, fatiga, secreci\u00f3n nasal o congesti\u00f3n y tos prolongada que puede durar m\u00e1s de dos semanas.<\/p>\n\n\n\n<p>La instituci\u00f3n advirti\u00f3 que esta variante se asocia a cuadros graves, especialmente en la poblaci\u00f3n de riesgo, como los extremos de la vida.<\/p>\n\n\n\n<p>Las autoridades sanitarias informaron que pa\u00edses como Reino Unido, Alemania, Espa\u00f1a, Francia, Italia y M\u00e9xico ya han reportado casos de esta nueva variante.<\/p>\n\n\n\n<p>Ante esta situaci\u00f3n, la Sesal recomend\u00f3 fortalecer la vigilancia epidemiol\u00f3gica en los puntos de entrada del pa\u00eds, especialmente en viajeros con s\u00edntomas respiratorios, y pidi\u00f3 a la poblaci\u00f3n general utilizar mascarilla antes, durante y despu\u00e9s de los vuelos, en particular si procede de los pa\u00edses se\u00f1alados.<\/p>\n\n\n\n<h4 class=\"wp-block-heading\"><strong>Notificaciones inmediatas<\/strong><\/h4>\n\n\n\n<p>Asimismo, inst\u00f3 al personal de aerol\u00edneas, aduanas y migraci\u00f3n a notificar de inmediato a las autoridades aeroportuarias cualquier caso sospechoso, activar planes de contingencia y el Comit\u00e9 Operativo de Emergencia en Salud.<\/p>\n\n\n\n<p>De igual forma, solicit\u00f3 a los servicios de salud y a la Unidad de Gesti\u00f3n de Riesgos y Emergencias Sanitarias preparar y actualizar sus planes de respuesta, y al Laboratorio Nacional de Vigilancia de la Salud capacitar a la red de laboratorios ante una posible introducci\u00f3n de la variante.<\/p>\n\n\n\n<p>Finalmente, la Secretar\u00eda de Salud reiter\u00f3 que hasta el momento no se ha confirmado ning\u00fan caso de influenza A H3N2 en Honduras, pero asegur\u00f3 que el pa\u00eds se mantiene en alerta permanente e hizo un llamado a la poblaci\u00f3n a reforzar las medidas de prevenci\u00f3n, como el uso de mascarilla y la higiene frecuente de manos.<\/p>\n","protected":false},"excerpt":{"rendered":"<p>La\u00a0Secretar\u00eda de Salud de Honduras (Sesal), a trav\u00e9s de la Unidad de Vigilancia de la Salud (UVS), alert\u00f3 al personal de salud p\u00fablico y privado, as\u00ed como a la poblaci\u00f3n en general, sobre el aumento de la circulaci\u00f3n del virus de influenza A (H3N2) subclade K (J.2.4.1), tras una nota informativa emitida por la Organizaci\u00f3n [&hellip;]<\/p>\n","protected":false},"author":2,"featured_media":2818,"comment_status":"closed","ping_status":"open","sticky":false,"template":"","format":"standard","meta":{"_seopress_robots_primary_cat":"","_seopress_titles_title":"","_seopress_titles_desc":"","_seopress_robots_index":"","footnotes":""},"categories":[87],"tags":[],"class_list":["post-2817","post","type-post","status-publish","format-standard","has-post-thumbnail","hentry","category-ciencia-y-tecnologia"],"_links":{"self":[{"href":"https:\/\/girasolmultimedios.com\/portal\/wp-json\/wp\/v2\/posts\/2817","targetHints":{"allow":["GET"]}}],"collection":[{"href":"https:\/\/girasolmultimedios.com\/portal\/wp-json\/wp\/v2\/posts"}],"about":[{"href":"https:\/\/girasolmultimedios.com\/portal\/wp-json\/wp\/v2\/types\/post"}],"author":[{"embeddable":true,"href":"https:\/\/girasolmultimedios.com\/portal\/wp-json\/wp\/v2\/users\/2"}],"replies":[{"embeddable":true,"href":"https:\/\/girasolmultimedios.com\/portal\/wp-json\/wp\/v2\/comments?post=2817"}],"version-history":[{"count":1,"href":"https:\/\/girasolmultimedios.com\/portal\/wp-json\/wp\/v2\/posts\/2817\/revisions"}],"predecessor-version":[{"id":2819,"href":"https:\/\/girasolmultimedios.com\/portal\/wp-json\/wp\/v2\/posts\/2817\/revisions\/2819"}],"wp:featuredmedia":[{"embeddable":true,"href":"https:\/\/girasolmultimedios.com\/portal\/wp-json\/wp\/v2\/media\/2818"}],"wp:attachment":[{"href":"https:\/\/girasolmultimedios.com\/portal\/wp-json\/wp\/v2\/media?parent=2817"}],"wp:term":[{"taxonomy":"category","embeddable":true,"href":"https:\/\/girasolmultimedios.com\/portal\/wp-json\/wp\/v2\/categories?post=2817"},{"taxonomy":"post_tag","embeddable":true,"href":"https:\/\/girasolmultimedios.com\/portal\/wp-json\/wp\/v2\/tags?post=2817"}],"curies":[{"name":"wp","href":"https:\/\/api.w.org\/{rel}","templated":true}]}}