{"id":2832,"date":"2025-12-16T09:58:12","date_gmt":"2025-12-16T15:58:12","guid":{"rendered":"https:\/\/girasolmultimedios.com\/portal\/?p=2832"},"modified":"2025-12-16T09:58:13","modified_gmt":"2025-12-16T15:58:13","slug":"presidente-del-ccepl-pide-respeto-para-el-cne","status":"publish","type":"post","link":"https:\/\/girasolmultimedios.com\/portal\/presidente-del-ccepl-pide-respeto-para-el-cne\/","title":{"rendered":"Presidente del CCEPL pide respeto para el CNE"},"content":{"rendered":"\n<p>El presidente del Consejo Central Ejecutivo del Partido Liberal (CCEPL), Roberto Contreras, inst\u00f3 a los candidatos presidenciales Salvador Nasralla (PL), y Nasry \u201cTito\u201d Asfura, evitar declararse ganadores de los comicios generales, hasta que el CNE haga una declaratoria oficial.<\/p>\n\n\n\n<p>\u201cAqu\u00ed no solo se est\u00e1 jugando qui\u00e9n ser\u00e1 el presidente del pa\u00eds, sino que tambi\u00e9n la estabilidad del pa\u00eds\u201d y que solo porque un perdedor haya manifestado que Salvador Nasralla es presidente \u201ctengamos que salir corriendo todos los liberales a aplaudirle, porque no es autoridad electoral\u201d.<\/p>\n\n\n\n<p>Contreras explic\u00f3 \u201cque el CNE no est\u00e1 para complacer caprichos de nadie\u201d y que \u201cla emotividad de una persona no puede entorpecer este proceso\u201d.<\/p>\n\n\n\n<p>De igual forma, desautoriz\u00f3 a la diputada Iroshka Elvir, de convocar simpatizantes a esta instituci\u00f3n pol\u00edtica a que protesten en las calles.<\/p>\n\n\n\n<p>\u201cIroshka Elvir no puede en ning\u00fan momento seguir llamando gente a las calles, el Partido Liberal desautoriza a la diputada a llamar gente a las calles para manifestarse para ejercer presi\u00f3n en el CNE o en las bodegas de Infop donde est\u00e1 todo el material electoral\u201d.<\/p>\n\n\n\n<h2 class=\"wp-block-heading\"><strong>VOTO DE CONFIANZA<\/strong><\/h2>\n\n\n\n<p>El presidente del CCEPL, tambi\u00e9n le dio un voto de confianza al Consejo Nacional Electoral (CNE) para que pueda evacuar el proceso del escrutinio especial de las actas con inconsistencias y se aplique la figura del conteo de \u201cvoto por voto\u201d.<\/p>\n\n\n\n<p>El tambi\u00e9n edil de San Pedro Sula lament\u00f3 que la gente que \u00e9l mand\u00f3 desde la ciudad industrial para el escrutinio especial, fueron enviados de regreso de parte de la Comisi\u00f3n Nacional de Campa\u00f1a.<\/p>\n\n\n\n<p>Seg\u00fan Contreras, cuando revis\u00f3 los cuadernos electorales para verificar a las personas nombradas en representaci\u00f3n del Partido Liberal para los escrutinios especiales, not\u00f3 que estaban incluidos 50 personas de Libre y 25 del Partido Nacional.<\/p>\n\n\n\n<p>Contreras, tambi\u00e9n lament\u00f3 que la diputada Elvir declare p\u00fablicamente que los ganadores de las elecciones por la alcald\u00eda capitalina sea Jorge Aldana.<\/p>\n","protected":false},"excerpt":{"rendered":"<p>El presidente del Consejo Central Ejecutivo del Partido Liberal (CCEPL), Roberto Contreras, inst\u00f3 a los candidatos presidenciales Salvador Nasralla (PL), y Nasry \u201cTito\u201d Asfura, evitar declararse ganadores de los comicios generales, hasta que el CNE haga una declaratoria oficial. \u201cAqu\u00ed no solo se est\u00e1 jugando qui\u00e9n ser\u00e1 el presidente del pa\u00eds, sino que tambi\u00e9n la [&hellip;]<\/p>\n","protected":false},"author":2,"featured_media":2833,"comment_status":"closed","ping_status":"open","sticky":false,"template":"","format":"standard","meta":{"_seopress_robots_primary_cat":"","_seopress_titles_title":"","_seopress_titles_desc":"","_seopress_robots_index":"","footnotes":""},"categories":[1],"tags":[],"class_list":["post-2832","post","type-post","status-publish","format-standard","has-post-thumbnail","hentry","category-sin-categoria"],"_links":{"self":[{"href":"https:\/\/girasolmultimedios.com\/portal\/wp-json\/wp\/v2\/posts\/2832","targetHints":{"allow":["GET"]}}],"collection":[{"href":"https:\/\/girasolmultimedios.com\/portal\/wp-json\/wp\/v2\/posts"}],"about":[{"href":"https:\/\/girasolmultimedios.com\/portal\/wp-json\/wp\/v2\/types\/post"}],"author":[{"embeddable":true,"href":"https:\/\/girasolmultimedios.com\/portal\/wp-json\/wp\/v2\/users\/2"}],"replies":[{"embeddable":true,"href":"https:\/\/girasolmultimedios.com\/portal\/wp-json\/wp\/v2\/comments?post=2832"}],"version-history":[{"count":1,"href":"https:\/\/girasolmultimedios.com\/portal\/wp-json\/wp\/v2\/posts\/2832\/revisions"}],"predecessor-version":[{"id":2834,"href":"https:\/\/girasolmultimedios.com\/portal\/wp-json\/wp\/v2\/posts\/2832\/revisions\/2834"}],"wp:featuredmedia":[{"embeddable":true,"href":"https:\/\/girasolmultimedios.com\/portal\/wp-json\/wp\/v2\/media\/2833"}],"wp:attachment":[{"href":"https:\/\/girasolmultimedios.com\/portal\/wp-json\/wp\/v2\/media?parent=2832"}],"wp:term":[{"taxonomy":"category","embeddable":true,"href":"https:\/\/girasolmultimedios.com\/portal\/wp-json\/wp\/v2\/categories?post=2832"},{"taxonomy":"post_tag","embeddable":true,"href":"https:\/\/girasolmultimedios.com\/portal\/wp-json\/wp\/v2\/tags?post=2832"}],"curies":[{"name":"wp","href":"https:\/\/api.w.org\/{rel}","templated":true}]}}