{"id":2838,"date":"2025-12-16T10:02:23","date_gmt":"2025-12-16T16:02:23","guid":{"rendered":"https:\/\/girasolmultimedios.com\/portal\/?p=2838"},"modified":"2025-12-16T10:02:23","modified_gmt":"2025-12-16T16:02:23","slug":"estado-del-tiempo-para-hoy-martes-16-de-diciembre","status":"publish","type":"post","link":"https:\/\/girasolmultimedios.com\/portal\/estado-del-tiempo-para-hoy-martes-16-de-diciembre\/","title":{"rendered":"Estado del tiempo para hoy martes 16 de diciembre"},"content":{"rendered":"\n<p>La\u00a0Secretar\u00eda de Gesti\u00f3n de Riesgos y Contingencias (Copeco), inform\u00f3 que el estado del tiempo para este d\u00eda seguir\u00e1 con una influencia de masa de aire fr\u00edo en el territorio nacional.<\/p>\n\n\n\n<p>Seg\u00fan el meteor\u00f3logo de turno, esta medida genera viento fresco del noreste, abundante nubosidad y precipitaciones en varias regiones.<\/p>\n\n\n\n<p>Por lo que se esperan lluvias y chubascos de moderada intensidad en la zona norte, occidente y centro del pa\u00eds.<\/p>\n\n\n\n<p>Asimismo, en el occidente y suroccidente se prev\u00e9n precipitaciones d\u00e9biles a moderadas de forma dispersa.<\/p>\n","protected":false},"excerpt":{"rendered":"<p>La\u00a0Secretar\u00eda de Gesti\u00f3n de Riesgos y Contingencias (Copeco), inform\u00f3 que el estado del tiempo para este d\u00eda seguir\u00e1 con una influencia de masa de aire fr\u00edo en el territorio nacional. Seg\u00fan el meteor\u00f3logo de turno, esta medida genera viento fresco del noreste, abundante nubosidad y precipitaciones en varias regiones. Por lo que se esperan lluvias [&hellip;]<\/p>\n","protected":false},"author":2,"featured_media":2839,"comment_status":"closed","ping_status":"open","sticky":false,"template":"","format":"standard","meta":{"_seopress_robots_primary_cat":"","_seopress_titles_title":"","_seopress_titles_desc":"","_seopress_robots_index":"","footnotes":""},"categories":[1],"tags":[],"class_list":["post-2838","post","type-post","status-publish","format-standard","has-post-thumbnail","hentry","category-sin-categoria"],"_links":{"self":[{"href":"https:\/\/girasolmultimedios.com\/portal\/wp-json\/wp\/v2\/posts\/2838","targetHints":{"allow":["GET"]}}],"collection":[{"href":"https:\/\/girasolmultimedios.com\/portal\/wp-json\/wp\/v2\/posts"}],"about":[{"href":"https:\/\/girasolmultimedios.com\/portal\/wp-json\/wp\/v2\/types\/post"}],"author":[{"embeddable":true,"href":"https:\/\/girasolmultimedios.com\/portal\/wp-json\/wp\/v2\/users\/2"}],"replies":[{"embeddable":true,"href":"https:\/\/girasolmultimedios.com\/portal\/wp-json\/wp\/v2\/comments?post=2838"}],"version-history":[{"count":1,"href":"https:\/\/girasolmultimedios.com\/portal\/wp-json\/wp\/v2\/posts\/2838\/revisions"}],"predecessor-version":[{"id":2840,"href":"https:\/\/girasolmultimedios.com\/portal\/wp-json\/wp\/v2\/posts\/2838\/revisions\/2840"}],"wp:featuredmedia":[{"embeddable":true,"href":"https:\/\/girasolmultimedios.com\/portal\/wp-json\/wp\/v2\/media\/2839"}],"wp:attachment":[{"href":"https:\/\/girasolmultimedios.com\/portal\/wp-json\/wp\/v2\/media?parent=2838"}],"wp:term":[{"taxonomy":"category","embeddable":true,"href":"https:\/\/girasolmultimedios.com\/portal\/wp-json\/wp\/v2\/categories?post=2838"},{"taxonomy":"post_tag","embeddable":true,"href":"https:\/\/girasolmultimedios.com\/portal\/wp-json\/wp\/v2\/tags?post=2838"}],"curies":[{"name":"wp","href":"https:\/\/api.w.org\/{rel}","templated":true}]}}