{"id":2841,"date":"2025-12-17T08:23:27","date_gmt":"2025-12-17T14:23:27","guid":{"rendered":"https:\/\/girasolmultimedios.com\/portal\/?p=2841"},"modified":"2025-12-17T08:23:28","modified_gmt":"2025-12-17T14:23:28","slug":"petro-llama-dictador-a-maduro-pero-dice-que-no-es-narcotraficante-como-afirma-ee-uu","status":"publish","type":"post","link":"https:\/\/girasolmultimedios.com\/portal\/petro-llama-dictador-a-maduro-pero-dice-que-no-es-narcotraficante-como-afirma-ee-uu\/","title":{"rendered":"Petro llama \u00abdictador\u00bb a Maduro pero dice que no es narcotraficante como afirma EE.UU."},"content":{"rendered":"\n<p>El presidente colombiano, Gustavo Petro, afirm\u00f3 este martes que el mandatario venezolano, Nicol\u00e1s Maduro, es un \u00abdictador\u00bb, pero asegur\u00f3 que no existe evidencia de que sea un narcotraficante, como sostiene Estados Unidos.<\/p>\n\n\n\n<p>\u00abMaduro es dictador por concentrar poderes, pero no hay ninguna evidencia en Colombia de que sea narco. Esa es una narrativa de los EEUU.\u00bb, dijo Petro, en su cuenta de X.<\/p>\n\n\n\n<figure class=\"wp-block-embed is-type-rich is-provider-twitter wp-block-embed-twitter\"><div class=\"wp-block-embed__wrapper\">\n<blockquote class=\"twitter-tweet\" data-width=\"550\" data-dnt=\"true\"><p lang=\"es\" dir=\"ltr\">Maduro es dictador por concentrar poderes, no hay ninguna evidencia en Colombia que sea narco. Esa es narrativa de los EEUU. Kast es hijo y creyente de los Nazis. Pertenece a la generaci\u00f3n alemana que escap\u00f3 de Alemania no por salvarse de Hitler sino por salvarse de la derrota de\u2026 <a href=\"https:\/\/t.co\/63CJodbCrg\">https:\/\/t.co\/63CJodbCrg<\/a><\/p>&mdash; Gustavo Petro (@petrogustavo) <a href=\"https:\/\/twitter.com\/petrogustavo\/status\/2001106540942488023?ref_src=twsrc%5Etfw\">December 17, 2025<\/a><\/blockquote><script async src=\"https:\/\/platform.twitter.com\/widgets.js\" charset=\"utf-8\"><\/script>\n<\/div><\/figure>\n\n\n\n<h2 class=\"wp-block-heading\" id=\"h-las-acusaciones-contra-maduro\">Las acusaciones contra Maduro<\/h2>\n\n\n\n<p>El mandatario respondi\u00f3 as\u00ed a una cr\u00edtica en la red social de la periodista \u00c1ngela Patricia Janiot, quien pregunt\u00f3: \u00ab\u00bfPor qu\u00e9 ser\u00e1 que Gustavo Petro no tiene ning\u00fan pudor en llamar nazi y fascista\u00a0al presidente electo de Chile, Jos\u00e9 Antonio Kast,\u00a0y permanece mudo y con miedo de llamar a Nicol\u00e1s Maduro como un narcodictador y usurpador del poder?\u00bb.<\/p>\n\n\n\n<p>La administraci\u00f3n del presidente estadounidense, Donald Trump, ha se\u00f1alado a Maduro como el l\u00edder del Cartel de los Soles \u2014calificado por Washington como un grupo terrorista\u2014, acusaci\u00f3n que el Gobierno venezolano niega tajantemente.<\/p>\n\n\n\n<p>Petro, considerado un aliado de Maduro, propuso el mes pasado un \u00abgobierno de transici\u00f3n compartido\u00bb en Venezuela para solucionar la crisis que vive ese pa\u00eds y evitar tambi\u00e9n una intervenci\u00f3n extranjera, como denuncia Caracas tras el despliegue aeronaval de Estados Unidos en aguas del mar Caribe con el pretexto de combatir el narcotr\u00e1fico.<\/p>\n\n\n\n<h2 class=\"wp-block-heading\" id=\"h-la-victoria-de-kast-en-chile\">La victoria de Kast en Chile<\/h2>\n\n\n\n<p>Con relaci\u00f3n a Kast, de ultraderecha, y su triunfo del pasado domingo en la segunda vuelta de las elecciones presidenciales chilenas, Petro dijo ese d\u00eda que en Am\u00e9rica \u00abvienen los vientos de la muerte\u00bb y a\u00f1adi\u00f3 que \u00abjam\u00e1s\u00bb le dar\u00e1 la mano \u00aba un nazi y a un hijo de nazi\u00bb, lo que provoc\u00f3 una carta de protesta del Gobierno del presidente Gabriel Boric.<\/p>\n\n\n\n<p>Pese a esa nota de protesta, el mandatario colombiano volvi\u00f3 a llamar hoy \u00abnazi\u00bb a Kast.<\/p>\n\n\n\n<figure class=\"wp-block-embed is-type-rich is-provider-twitter wp-block-embed-twitter\"><div class=\"wp-block-embed__wrapper\">\n<blockquote class=\"twitter-tweet\" data-width=\"550\" data-dnt=\"true\"><p lang=\"es\" dir=\"ltr\">Hay que tener claridad sobre todo en la clase media colombiana pero tambi\u00e9n en el mundo de los trabajadores y de los sectores populares de la sociedad colombiana que son la mayor\u00eda.<br><br>Lo que ha ganado en Chile no es la derecha, no se confundan, lo que ha ganado es la extrema\u2026 <a href=\"https:\/\/t.co\/OybwOjUraZ\">pic.twitter.com\/OybwOjUraZ<\/a><\/p>&mdash; Gustavo Petro (@petrogustavo) <a href=\"https:\/\/twitter.com\/petrogustavo\/status\/2000991940893138989?ref_src=twsrc%5Etfw\">December 16, 2025<\/a><\/blockquote><script async src=\"https:\/\/platform.twitter.com\/widgets.js\" charset=\"utf-8\"><\/script>\n<\/div><\/figure>\n\n\n\n<p>\u00abLo que ha ganado en Chile no es la derecha, no se confundan, lo que ha ganado es la extrema derecha que en Latinoam\u00e9rica, es simple y puro fascismo. Son nazis y no solo franquistas y desatan, y no se arrepienten, genocidios\u00bb, escribi\u00f3 Petro en la red social X. EFE<\/p>\n","protected":false},"excerpt":{"rendered":"<p>El presidente colombiano, Gustavo Petro, afirm\u00f3 este martes que el mandatario venezolano, Nicol\u00e1s Maduro, es un \u00abdictador\u00bb, pero asegur\u00f3 que no existe evidencia de que sea un narcotraficante, como sostiene Estados Unidos. \u00abMaduro es dictador por concentrar poderes, pero no hay ninguna evidencia en Colombia de que sea narco. Esa es una narrativa de los [&hellip;]<\/p>\n","protected":false},"author":2,"featured_media":2842,"comment_status":"closed","ping_status":"open","sticky":false,"template":"","format":"standard","meta":{"_seopress_robots_primary_cat":"","_seopress_titles_title":"","_seopress_titles_desc":"","_seopress_robots_index":"","footnotes":""},"categories":[45],"tags":[],"class_list":["post-2841","post","type-post","status-publish","format-standard","has-post-thumbnail","hentry","category-internacionales"],"_links":{"self":[{"href":"https:\/\/girasolmultimedios.com\/portal\/wp-json\/wp\/v2\/posts\/2841","targetHints":{"allow":["GET"]}}],"collection":[{"href":"https:\/\/girasolmultimedios.com\/portal\/wp-json\/wp\/v2\/posts"}],"about":[{"href":"https:\/\/girasolmultimedios.com\/portal\/wp-json\/wp\/v2\/types\/post"}],"author":[{"embeddable":true,"href":"https:\/\/girasolmultimedios.com\/portal\/wp-json\/wp\/v2\/users\/2"}],"replies":[{"embeddable":true,"href":"https:\/\/girasolmultimedios.com\/portal\/wp-json\/wp\/v2\/comments?post=2841"}],"version-history":[{"count":1,"href":"https:\/\/girasolmultimedios.com\/portal\/wp-json\/wp\/v2\/posts\/2841\/revisions"}],"predecessor-version":[{"id":2843,"href":"https:\/\/girasolmultimedios.com\/portal\/wp-json\/wp\/v2\/posts\/2841\/revisions\/2843"}],"wp:featuredmedia":[{"embeddable":true,"href":"https:\/\/girasolmultimedios.com\/portal\/wp-json\/wp\/v2\/media\/2842"}],"wp:attachment":[{"href":"https:\/\/girasolmultimedios.com\/portal\/wp-json\/wp\/v2\/media?parent=2841"}],"wp:term":[{"taxonomy":"category","embeddable":true,"href":"https:\/\/girasolmultimedios.com\/portal\/wp-json\/wp\/v2\/categories?post=2841"},{"taxonomy":"post_tag","embeddable":true,"href":"https:\/\/girasolmultimedios.com\/portal\/wp-json\/wp\/v2\/tags?post=2841"}],"curies":[{"name":"wp","href":"https:\/\/api.w.org\/{rel}","templated":true}]}}