{"id":2844,"date":"2025-12-17T08:30:46","date_gmt":"2025-12-17T14:30:46","guid":{"rendered":"https:\/\/girasolmultimedios.com\/portal\/?p=2844"},"modified":"2025-12-17T08:31:50","modified_gmt":"2025-12-17T14:31:50","slug":"lluvias-por-masa-de-aire-frio-afectan-a-16-comunidades-del-norte-de-honduras","status":"publish","type":"post","link":"https:\/\/girasolmultimedios.com\/portal\/lluvias-por-masa-de-aire-frio-afectan-a-16-comunidades-del-norte-de-honduras\/","title":{"rendered":"Lluvias por masa de aire fr\u00edo afectan a 16 comunidades del norte de Honduras"},"content":{"rendered":"\n<p>Al menos 16 comunidades resultaron afectadas por las lluvias registradas en la zona norte de Honduras, producto del ingreso de una<strong>&nbsp;masa de aire fr\u00edo<\/strong>&nbsp;desde el lunes 15 de diciembre, inform\u00f3 la Secretar\u00eda de Gesti\u00f3n de Riesgos y Contingencias Nacionales (Copeco).<\/p>\n\n\n\n<p>Las zonas con mayores da\u00f1os se localizan principalmente en el sector de\u00a0<strong>El Merend\u00f3n,\u00a0<\/strong>donde se reportan derrumbes y crecidas de r\u00edos, detall\u00f3 Sonia Mej\u00eda, portavoz de Copeco en San Pedro Sula, Cort\u00e9s.<\/p>\n\n\n\n<p>Ante esta situaci\u00f3n,&nbsp;<strong>Osm\u00edn Bautista,<\/strong>&nbsp;directivo de la C\u00e1mara Hondure\u00f1a de la Industria de la Construcci\u00f3n (Chico), exhort\u00f3 a las autoridades a ejecutar proyectos de alivio para reducir el impacto de las lluvias durante esta temporada.<\/p>\n\n\n\n<p>\u00abNuestros sistemas pluviales no tienen la capacidad de evacuar en tiempo y forma estas grandes precipitaciones\u00bb, advirti\u00f3 Bautista, quien se\u00f1al\u00f3 que solo en San Pedro Sula se requieren&nbsp;<strong>al menos 4 mil millones de lempiras para invertir en obras de prevenci\u00f3n.<\/strong><\/p>\n\n\n\n<h2 class=\"wp-block-heading\">Alerta verde por lluvias en Honduras<\/h2>\n\n\n\n<p>Copeco mantiene en\u00a0<strong>alerta verde a los departamentos de Cort\u00e9s, Yoro, Atl\u00e1ntida, Col\u00f3n, Islas de la Bah\u00eda y Santa B\u00e1rbara<\/strong>, debido a las fuertes lluvias asociadas a la masa de aire fr\u00edo.<\/p>\n\n\n\n<p>Seg\u00fan el Centro Nacional de Estudios Atmosf\u00e9ricos, Oceanogr\u00e1ficos y S\u00edsmicos (Cenaos), el fen\u00f3meno continuar\u00e1 este mi\u00e9rcoles transportando humedad desde el mar Caribe, especialmente durante la madrugada y la ma\u00f1ana.<\/p>\n\n\n\n<p>Por la tarde, la brisa del Pac\u00edfico converger\u00e1 con el viento del noreste, generando chubascos d\u00e9biles en el suroccidente, as\u00ed como en algunas zonas del centro y sur del pa\u00eds. No obstante, los mayores acumulados de lluvia, acompa\u00f1ados de tormentas el\u00e9ctricas, se esperan en la regi\u00f3n\u00a0<strong>suroccidental.<\/strong><\/p>\n\n\n\n<p>Las temperaturas se mantienen frescas al amanecer, con registros entre<strong>\u00a014 y 18 grados cent\u00edgrados\u00a0<\/strong>en la mayor parte del territorio nacional. Las\u00a0<strong>m\u00e1ximas oscilar\u00e1n entre 20 y 28 grados,<\/strong>\u00a0con excepci\u00f3n de la zona sur, donde el term\u00f3metro alcanza hasta los 36 grados.<\/p>\n","protected":false},"excerpt":{"rendered":"<p>Al menos 16 comunidades resultaron afectadas por las lluvias registradas en la zona norte de Honduras, producto del ingreso de una&nbsp;masa de aire fr\u00edo&nbsp;desde el lunes 15 de diciembre, inform\u00f3 la Secretar\u00eda de Gesti\u00f3n de Riesgos y Contingencias Nacionales (Copeco). Las zonas con mayores da\u00f1os se localizan principalmente en el sector de\u00a0El Merend\u00f3n,\u00a0donde se reportan [&hellip;]<\/p>\n","protected":false},"author":2,"featured_media":2845,"comment_status":"closed","ping_status":"open","sticky":false,"template":"","format":"standard","meta":{"_seopress_robots_primary_cat":"","_seopress_titles_title":"","_seopress_titles_desc":"","_seopress_robots_index":"","footnotes":""},"categories":[23],"tags":[],"class_list":["post-2844","post","type-post","status-publish","format-standard","has-post-thumbnail","hentry","category-nacionales"],"_links":{"self":[{"href":"https:\/\/girasolmultimedios.com\/portal\/wp-json\/wp\/v2\/posts\/2844","targetHints":{"allow":["GET"]}}],"collection":[{"href":"https:\/\/girasolmultimedios.com\/portal\/wp-json\/wp\/v2\/posts"}],"about":[{"href":"https:\/\/girasolmultimedios.com\/portal\/wp-json\/wp\/v2\/types\/post"}],"author":[{"embeddable":true,"href":"https:\/\/girasolmultimedios.com\/portal\/wp-json\/wp\/v2\/users\/2"}],"replies":[{"embeddable":true,"href":"https:\/\/girasolmultimedios.com\/portal\/wp-json\/wp\/v2\/comments?post=2844"}],"version-history":[{"count":2,"href":"https:\/\/girasolmultimedios.com\/portal\/wp-json\/wp\/v2\/posts\/2844\/revisions"}],"predecessor-version":[{"id":2848,"href":"https:\/\/girasolmultimedios.com\/portal\/wp-json\/wp\/v2\/posts\/2844\/revisions\/2848"}],"wp:featuredmedia":[{"embeddable":true,"href":"https:\/\/girasolmultimedios.com\/portal\/wp-json\/wp\/v2\/media\/2845"}],"wp:attachment":[{"href":"https:\/\/girasolmultimedios.com\/portal\/wp-json\/wp\/v2\/media?parent=2844"}],"wp:term":[{"taxonomy":"category","embeddable":true,"href":"https:\/\/girasolmultimedios.com\/portal\/wp-json\/wp\/v2\/categories?post=2844"},{"taxonomy":"post_tag","embeddable":true,"href":"https:\/\/girasolmultimedios.com\/portal\/wp-json\/wp\/v2\/tags?post=2844"}],"curies":[{"name":"wp","href":"https:\/\/api.w.org\/{rel}","templated":true}]}}