{"id":2856,"date":"2025-12-17T09:53:13","date_gmt":"2025-12-17T15:53:13","guid":{"rendered":"https:\/\/girasolmultimedios.com\/portal\/?p=2856"},"modified":"2025-12-17T09:53:14","modified_gmt":"2025-12-17T15:53:14","slug":"inprema-cerrara-el-ano-con-superavit-historico-de-l7-mil-millones","status":"publish","type":"post","link":"https:\/\/girasolmultimedios.com\/portal\/inprema-cerrara-el-ano-con-superavit-historico-de-l7-mil-millones\/","title":{"rendered":"Inprema cerrar\u00e1 el a\u00f1o con super\u00e1vit hist\u00f3rico de L7 mil millones"},"content":{"rendered":"\n<p>El comisionado del\u00a0Instituto Nacional de Previsi\u00f3n del Magisterio (Inprema), H\u00e9ctor D\u00edaz, inform\u00f3 que la instituci\u00f3n cerrar\u00e1 el a\u00f1o con un super\u00e1vit cercano a los 7 mil millones de lempiras, una cifra hist\u00f3rica que fortalece la sostenibilidad del sistema y reduce el d\u00e9ficit actuarial.<\/p>\n\n\n\n<p>D\u00edaz asegur\u00f3 que este resultado marca el mejor a\u00f1o financiero en la historia del Inprema, al superar por primera vez los 6 mil millones de lempiras en excedentes. Destac\u00f3 que estos n\u00fameros garantizan una disminuci\u00f3n del d\u00e9ficit a corto y mediano plazo.<\/p>\n\n\n\n<p>Sin embargo, el funcionario advirti\u00f3 sobre la brecha financiera a largo plazo, que proyecta obligaciones futuras superiores a los ingresos y activos del instituto. Seg\u00fan explic\u00f3, esa brecha alcanza alrededor de 30 mil millones de lempiras en un horizonte de 50 a\u00f1os.<\/p>\n\n\n\n<p>Ante este escenario, D\u00edaz subray\u00f3 la necesidad de realizar cambios estructurales en los pr\u00f3ximos a\u00f1os, entre ellos permitir que el Inprema diversifique su cartera de inversiones, cuente con mayor libertad en la toma de decisiones y fortalezca el control y participaci\u00f3n de los docentes.<\/p>\n\n\n\n<p>Finalmente, alert\u00f3 que, de no implementarse estas reformas, el sistema previsional del magisterio podr\u00eda enfrentar serios problemas financieros despu\u00e9s del a\u00f1o 2050.<\/p>\n","protected":false},"excerpt":{"rendered":"<p>El comisionado del\u00a0Instituto Nacional de Previsi\u00f3n del Magisterio (Inprema), H\u00e9ctor D\u00edaz, inform\u00f3 que la instituci\u00f3n cerrar\u00e1 el a\u00f1o con un super\u00e1vit cercano a los 7 mil millones de lempiras, una cifra hist\u00f3rica que fortalece la sostenibilidad del sistema y reduce el d\u00e9ficit actuarial. D\u00edaz asegur\u00f3 que este resultado marca el mejor a\u00f1o financiero en la [&hellip;]<\/p>\n","protected":false},"author":2,"featured_media":2857,"comment_status":"closed","ping_status":"open","sticky":false,"template":"","format":"standard","meta":{"_seopress_robots_primary_cat":"","_seopress_titles_title":"","_seopress_titles_desc":"","_seopress_robots_index":"","footnotes":""},"categories":[1],"tags":[],"class_list":["post-2856","post","type-post","status-publish","format-standard","has-post-thumbnail","hentry","category-sin-categoria"],"_links":{"self":[{"href":"https:\/\/girasolmultimedios.com\/portal\/wp-json\/wp\/v2\/posts\/2856","targetHints":{"allow":["GET"]}}],"collection":[{"href":"https:\/\/girasolmultimedios.com\/portal\/wp-json\/wp\/v2\/posts"}],"about":[{"href":"https:\/\/girasolmultimedios.com\/portal\/wp-json\/wp\/v2\/types\/post"}],"author":[{"embeddable":true,"href":"https:\/\/girasolmultimedios.com\/portal\/wp-json\/wp\/v2\/users\/2"}],"replies":[{"embeddable":true,"href":"https:\/\/girasolmultimedios.com\/portal\/wp-json\/wp\/v2\/comments?post=2856"}],"version-history":[{"count":1,"href":"https:\/\/girasolmultimedios.com\/portal\/wp-json\/wp\/v2\/posts\/2856\/revisions"}],"predecessor-version":[{"id":2858,"href":"https:\/\/girasolmultimedios.com\/portal\/wp-json\/wp\/v2\/posts\/2856\/revisions\/2858"}],"wp:featuredmedia":[{"embeddable":true,"href":"https:\/\/girasolmultimedios.com\/portal\/wp-json\/wp\/v2\/media\/2857"}],"wp:attachment":[{"href":"https:\/\/girasolmultimedios.com\/portal\/wp-json\/wp\/v2\/media?parent=2856"}],"wp:term":[{"taxonomy":"category","embeddable":true,"href":"https:\/\/girasolmultimedios.com\/portal\/wp-json\/wp\/v2\/categories?post=2856"},{"taxonomy":"post_tag","embeddable":true,"href":"https:\/\/girasolmultimedios.com\/portal\/wp-json\/wp\/v2\/tags?post=2856"}],"curies":[{"name":"wp","href":"https:\/\/api.w.org\/{rel}","templated":true}]}}