{"id":2859,"date":"2025-12-17T09:54:52","date_gmt":"2025-12-17T15:54:52","guid":{"rendered":"https:\/\/girasolmultimedios.com\/portal\/?p=2859"},"modified":"2025-12-17T09:54:52","modified_gmt":"2025-12-17T15:54:52","slug":"confraternidad-evangelica-evalua-caminata-por-la-paz-antes-de-navidad","status":"publish","type":"post","link":"https:\/\/girasolmultimedios.com\/portal\/confraternidad-evangelica-evalua-caminata-por-la-paz-antes-de-navidad\/","title":{"rendered":"Confraternidad Evang\u00e9lica eval\u00faa caminata por la paz antes de Navidad"},"content":{"rendered":"\n<p>El presidente de la\u00a0Confraternidad Evang\u00e9lica de Honduras, pastor Gerardo Ir\u00edas, inform\u00f3 que, ante la actual crisis electoral que atraviesa el pa\u00eds, las iglesias evang\u00e9lica y cat\u00f3lica eval\u00faan realizar una nueva caminata por la paz antes de Navidad.<\/p>\n\n\n\n<p>Ir\u00edas explic\u00f3 que la iniciativa se llevar\u00eda a cabo en conjunto con la Iglesia Cat\u00f3lica y convocar\u00eda a ciudadanos de todo el pa\u00eds.<\/p>\n\n\n\n<p>Asegur\u00f3 que la movilizaci\u00f3n podr\u00eda superar en magnitud a la realizada en agosto, ya que participar\u00edan hondure\u00f1os que buscan estabilidad y certidumbre para la naci\u00f3n.<\/p>\n\n\n\n<p>El l\u00edder evang\u00e9lico se\u00f1al\u00f3 que, aunque ya contemplan el llamado, han intentado evitarlo para no generar mayor incertidumbre en las calles, optando por trabajar desde sus espacios espirituales.<\/p>\n\n\n\n<p>No obstante, advirti\u00f3 que, si no se alcanza un acuerdo pol\u00edtico, retomar\u00e1n la caminata como una acci\u00f3n de paz.<\/p>\n\n\n\n<p>Ir\u00edas afirm\u00f3 que la poblaci\u00f3n est\u00e1 preparada para movilizarse de manera masiva y responsable, pero aclar\u00f3 que las decisiones se toman con madurez y bajo principios espirituales.<\/p>\n\n\n\n<p>Reiter\u00f3 que la iniciativa no responde a intereses partidarios y destac\u00f3 la coordinaci\u00f3n permanente con la Iglesia Cat\u00f3lica, en particular con monse\u00f1or Natcher.<\/p>\n\n\n\n<p>Finalmente, el presidente de la Confraternidad Evang\u00e9lica subray\u00f3 que el objetivo de una eventual caminata es enviar un mensaje de unidad, paz y reflexi\u00f3n al pa\u00eds, en medio del clima de tensi\u00f3n e incertidumbre que rodea el proceso electoral, y evitar cualquier confrontaci\u00f3n social.<\/p>\n","protected":false},"excerpt":{"rendered":"<p>El presidente de la\u00a0Confraternidad Evang\u00e9lica de Honduras, pastor Gerardo Ir\u00edas, inform\u00f3 que, ante la actual crisis electoral que atraviesa el pa\u00eds, las iglesias evang\u00e9lica y cat\u00f3lica eval\u00faan realizar una nueva caminata por la paz antes de Navidad. Ir\u00edas explic\u00f3 que la iniciativa se llevar\u00eda a cabo en conjunto con la Iglesia Cat\u00f3lica y convocar\u00eda a [&hellip;]<\/p>\n","protected":false},"author":2,"featured_media":2860,"comment_status":"closed","ping_status":"open","sticky":false,"template":"","format":"standard","meta":{"_seopress_robots_primary_cat":"","_seopress_titles_title":"","_seopress_titles_desc":"","_seopress_robots_index":"","footnotes":""},"categories":[1],"tags":[],"class_list":["post-2859","post","type-post","status-publish","format-standard","has-post-thumbnail","hentry","category-sin-categoria"],"_links":{"self":[{"href":"https:\/\/girasolmultimedios.com\/portal\/wp-json\/wp\/v2\/posts\/2859","targetHints":{"allow":["GET"]}}],"collection":[{"href":"https:\/\/girasolmultimedios.com\/portal\/wp-json\/wp\/v2\/posts"}],"about":[{"href":"https:\/\/girasolmultimedios.com\/portal\/wp-json\/wp\/v2\/types\/post"}],"author":[{"embeddable":true,"href":"https:\/\/girasolmultimedios.com\/portal\/wp-json\/wp\/v2\/users\/2"}],"replies":[{"embeddable":true,"href":"https:\/\/girasolmultimedios.com\/portal\/wp-json\/wp\/v2\/comments?post=2859"}],"version-history":[{"count":1,"href":"https:\/\/girasolmultimedios.com\/portal\/wp-json\/wp\/v2\/posts\/2859\/revisions"}],"predecessor-version":[{"id":2861,"href":"https:\/\/girasolmultimedios.com\/portal\/wp-json\/wp\/v2\/posts\/2859\/revisions\/2861"}],"wp:featuredmedia":[{"embeddable":true,"href":"https:\/\/girasolmultimedios.com\/portal\/wp-json\/wp\/v2\/media\/2860"}],"wp:attachment":[{"href":"https:\/\/girasolmultimedios.com\/portal\/wp-json\/wp\/v2\/media?parent=2859"}],"wp:term":[{"taxonomy":"category","embeddable":true,"href":"https:\/\/girasolmultimedios.com\/portal\/wp-json\/wp\/v2\/categories?post=2859"},{"taxonomy":"post_tag","embeddable":true,"href":"https:\/\/girasolmultimedios.com\/portal\/wp-json\/wp\/v2\/tags?post=2859"}],"curies":[{"name":"wp","href":"https:\/\/api.w.org\/{rel}","templated":true}]}}