{"id":2874,"date":"2025-12-17T10:04:27","date_gmt":"2025-12-17T16:04:27","guid":{"rendered":"https:\/\/girasolmultimedios.com\/portal\/?p=2874"},"modified":"2025-12-17T10:04:28","modified_gmt":"2025-12-17T16:04:28","slug":"un-muerto-y-varios-heridos-deja-fuerte-accidente-en-san-pedro-sula","status":"publish","type":"post","link":"https:\/\/girasolmultimedios.com\/portal\/un-muerto-y-varios-heridos-deja-fuerte-accidente-en-san-pedro-sula\/","title":{"rendered":"Un muerto y varios heridos deja fuerte accidente en San Pedro Sula"},"content":{"rendered":"\n<p>Un fatal accidente de tr\u00e1nsito entre una unidad de transporte y un cami\u00f3n particular se suscit\u00f3 la tarde noche de este martes en el Barrio Guamilito de San Pedro Sula, departamento de Cort\u00e9s, dejando al menos diez personas heridas y cuantiosos da\u00f1os.<\/p>\n\n\n\n<p>Las v\u00edctimas del siniestro vial son trasladadas por ambulancias del Cuerpo de Bomberos y del Sistema Nacional de Emergencias 911 a los diferentes centros asistenciales de la ciudad industrial del pa\u00eds.<\/p>\n\n\n\n<p>Hasta el momento se maneja que una mujer en estado de embarazo habr\u00eda perdido la vida producto de la brutal colisi\u00f3n y choque en la 7 calle del barrio Guamilito de San Pedro Sula.<\/p>\n\n\n\n<p><\/p>\n","protected":false},"excerpt":{"rendered":"<p>Un fatal accidente de tr\u00e1nsito entre una unidad de transporte y un cami\u00f3n particular se suscit\u00f3 la tarde noche de este martes en el Barrio Guamilito de San Pedro Sula, departamento de Cort\u00e9s, dejando al menos diez personas heridas y cuantiosos da\u00f1os. Las v\u00edctimas del siniestro vial son trasladadas por ambulancias del Cuerpo de Bomberos [&hellip;]<\/p>\n","protected":false},"author":2,"featured_media":2875,"comment_status":"closed","ping_status":"open","sticky":false,"template":"","format":"standard","meta":{"_seopress_robots_primary_cat":"","_seopress_titles_title":"","_seopress_titles_desc":"","_seopress_robots_index":"","footnotes":""},"categories":[1],"tags":[],"class_list":["post-2874","post","type-post","status-publish","format-standard","has-post-thumbnail","hentry","category-sin-categoria"],"_links":{"self":[{"href":"https:\/\/girasolmultimedios.com\/portal\/wp-json\/wp\/v2\/posts\/2874","targetHints":{"allow":["GET"]}}],"collection":[{"href":"https:\/\/girasolmultimedios.com\/portal\/wp-json\/wp\/v2\/posts"}],"about":[{"href":"https:\/\/girasolmultimedios.com\/portal\/wp-json\/wp\/v2\/types\/post"}],"author":[{"embeddable":true,"href":"https:\/\/girasolmultimedios.com\/portal\/wp-json\/wp\/v2\/users\/2"}],"replies":[{"embeddable":true,"href":"https:\/\/girasolmultimedios.com\/portal\/wp-json\/wp\/v2\/comments?post=2874"}],"version-history":[{"count":1,"href":"https:\/\/girasolmultimedios.com\/portal\/wp-json\/wp\/v2\/posts\/2874\/revisions"}],"predecessor-version":[{"id":2876,"href":"https:\/\/girasolmultimedios.com\/portal\/wp-json\/wp\/v2\/posts\/2874\/revisions\/2876"}],"wp:featuredmedia":[{"embeddable":true,"href":"https:\/\/girasolmultimedios.com\/portal\/wp-json\/wp\/v2\/media\/2875"}],"wp:attachment":[{"href":"https:\/\/girasolmultimedios.com\/portal\/wp-json\/wp\/v2\/media?parent=2874"}],"wp:term":[{"taxonomy":"category","embeddable":true,"href":"https:\/\/girasolmultimedios.com\/portal\/wp-json\/wp\/v2\/categories?post=2874"},{"taxonomy":"post_tag","embeddable":true,"href":"https:\/\/girasolmultimedios.com\/portal\/wp-json\/wp\/v2\/tags?post=2874"}],"curies":[{"name":"wp","href":"https:\/\/api.w.org\/{rel}","templated":true}]}}