{"id":2883,"date":"2025-12-18T09:33:44","date_gmt":"2025-12-18T15:33:44","guid":{"rendered":"https:\/\/girasolmultimedios.com\/portal\/?p=2883"},"modified":"2025-12-18T09:33:45","modified_gmt":"2025-12-18T15:33:45","slug":"ccit-llama-a-respetar-la-ley-y-frenar-la-confrontacion-tras-elecciones","status":"publish","type":"post","link":"https:\/\/girasolmultimedios.com\/portal\/ccit-llama-a-respetar-la-ley-y-frenar-la-confrontacion-tras-elecciones\/","title":{"rendered":"CCIT llama a respetar la ley y frenar la confrontaci\u00f3n tras elecciones"},"content":{"rendered":"\n<p>La\u00a0C\u00e1mara de Comercio e Industria de Tegucigalpa (CCIT)\u00a0expres\u00f3 su profunda preocupaci\u00f3n por el clima de confrontaci\u00f3n generado tras el reciente proceso electoral y la creciente tensi\u00f3n social alrededor de la definici\u00f3n de los resultados, al advertir que esta situaci\u00f3n amenaza la estabilidad, la institucionalidad democr\u00e1tica y la convivencia pac\u00edfica en Honduras.<\/p>\n\n\n\n<p>Mediante un pronunciamiento p\u00fablico, la CCIT afirm\u00f3 que el pa\u00eds necesita certeza, tranquilidad y respeto absoluto al Estado de Derecho, por lo que hizo un llamado firme a los actores pol\u00edticos y a las autoridades electorales a actuar con responsabilidad.<\/p>\n\n\n\n<p>La organizaci\u00f3n exhort\u00f3 a los partidos pol\u00edticos a mantener la calma, respetar la institucionalidad y permitir que las autoridades electorales realicen, sin presiones ni interferencias, el escrutinio especial establecido en la ley para conocer de forma definitiva los resultados del proceso electoral.<\/p>\n\n\n\n<p><\/p>\n","protected":false},"excerpt":{"rendered":"<p>La\u00a0C\u00e1mara de Comercio e Industria de Tegucigalpa (CCIT)\u00a0expres\u00f3 su profunda preocupaci\u00f3n por el clima de confrontaci\u00f3n generado tras el reciente proceso electoral y la creciente tensi\u00f3n social alrededor de la definici\u00f3n de los resultados, al advertir que esta situaci\u00f3n amenaza la estabilidad, la institucionalidad democr\u00e1tica y la convivencia pac\u00edfica en Honduras. Mediante un pronunciamiento p\u00fablico, [&hellip;]<\/p>\n","protected":false},"author":2,"featured_media":2884,"comment_status":"closed","ping_status":"open","sticky":false,"template":"","format":"standard","meta":{"_seopress_robots_primary_cat":"","_seopress_titles_title":"","_seopress_titles_desc":"","_seopress_robots_index":"","footnotes":""},"categories":[1],"tags":[],"class_list":["post-2883","post","type-post","status-publish","format-standard","has-post-thumbnail","hentry","category-sin-categoria"],"_links":{"self":[{"href":"https:\/\/girasolmultimedios.com\/portal\/wp-json\/wp\/v2\/posts\/2883","targetHints":{"allow":["GET"]}}],"collection":[{"href":"https:\/\/girasolmultimedios.com\/portal\/wp-json\/wp\/v2\/posts"}],"about":[{"href":"https:\/\/girasolmultimedios.com\/portal\/wp-json\/wp\/v2\/types\/post"}],"author":[{"embeddable":true,"href":"https:\/\/girasolmultimedios.com\/portal\/wp-json\/wp\/v2\/users\/2"}],"replies":[{"embeddable":true,"href":"https:\/\/girasolmultimedios.com\/portal\/wp-json\/wp\/v2\/comments?post=2883"}],"version-history":[{"count":1,"href":"https:\/\/girasolmultimedios.com\/portal\/wp-json\/wp\/v2\/posts\/2883\/revisions"}],"predecessor-version":[{"id":2885,"href":"https:\/\/girasolmultimedios.com\/portal\/wp-json\/wp\/v2\/posts\/2883\/revisions\/2885"}],"wp:featuredmedia":[{"embeddable":true,"href":"https:\/\/girasolmultimedios.com\/portal\/wp-json\/wp\/v2\/media\/2884"}],"wp:attachment":[{"href":"https:\/\/girasolmultimedios.com\/portal\/wp-json\/wp\/v2\/media?parent=2883"}],"wp:term":[{"taxonomy":"category","embeddable":true,"href":"https:\/\/girasolmultimedios.com\/portal\/wp-json\/wp\/v2\/categories?post=2883"},{"taxonomy":"post_tag","embeddable":true,"href":"https:\/\/girasolmultimedios.com\/portal\/wp-json\/wp\/v2\/tags?post=2883"}],"curies":[{"name":"wp","href":"https:\/\/api.w.org\/{rel}","templated":true}]}}