{"id":2898,"date":"2025-12-18T09:44:13","date_gmt":"2025-12-18T15:44:13","guid":{"rendered":"https:\/\/girasolmultimedios.com\/portal\/?p=2898"},"modified":"2025-12-18T09:44:13","modified_gmt":"2025-12-18T15:44:13","slug":"pl-ordena-a-sus-representantes-presentarse-al-escrutinio-especial","status":"publish","type":"post","link":"https:\/\/girasolmultimedios.com\/portal\/pl-ordena-a-sus-representantes-presentarse-al-escrutinio-especial\/","title":{"rendered":"PL ordena a sus representantes presentarse al escrutinio especial"},"content":{"rendered":"\n<p>El Partido Liberal de Honduras (PLH) emiti\u00f3 un comunicado urgente en el que instruye a todos sus representantes designados para integrar las Juntas Especiales Receptoras de Votos (JERV) a presentarse ma\u00f1ana a las 7:00 am para iniciar el escrutinio especial de manera inmediata e ininterrumpida.<\/p>\n\n\n\n<p>La dirigencia advirti\u00f3 que quienes no acaten esta orden ser\u00e1n sustituidos de forma inmediata.<\/p>\n\n\n\n<p>La decisi\u00f3n fue firmada por los principales l\u00edderes del Consejo Central Ejecutivo del PLH, quienes expresaron su preocupaci\u00f3n por la prolongada incertidumbre electoral y afirmaron que no seguir\u00e1n apoyando lo que califican como el \u201cjuego de Libre\u201d, en referencia al partido oficialista Libertad y Refundaci\u00f3n (LIBRE), al que acusan de obstaculizar el proceso.<\/p>\n\n\n\n<p>El comunicado destaca que \u201cel respeto al voto es sagrado\u201d y que la demora en el escrutinio solo profundiza la crisis pol\u00edtica y social.<\/p>\n\n\n\n<p>Tambi\u00e9n exhorta a sus representantes a actuar con patriotismo y apego a la ley, asegurando que cada acta sea verificada sin dilaciones, para permitir al Consejo Nacional Electoral (CNE) emitir la declaratoria oficial en los tiempos establecidos por la Constituci\u00f3n.<\/p>\n\n\n\n<p>El PLH reafirm\u00f3 su compromiso con la democracia y llam\u00f3 a todos los sectores a priorizar la institucionalidad y la paz social del pa\u00eds, en un momento que consideran cr\u00edtico para la estabilidad nacional.<\/p>\n","protected":false},"excerpt":{"rendered":"<p>El Partido Liberal de Honduras (PLH) emiti\u00f3 un comunicado urgente en el que instruye a todos sus representantes designados para integrar las Juntas Especiales Receptoras de Votos (JERV) a presentarse ma\u00f1ana a las 7:00 am para iniciar el escrutinio especial de manera inmediata e ininterrumpida. La dirigencia advirti\u00f3 que quienes no acaten esta orden ser\u00e1n [&hellip;]<\/p>\n","protected":false},"author":2,"featured_media":2899,"comment_status":"closed","ping_status":"open","sticky":false,"template":"","format":"standard","meta":{"_seopress_robots_primary_cat":"","_seopress_titles_title":"","_seopress_titles_desc":"","_seopress_robots_index":"","footnotes":""},"categories":[1],"tags":[],"class_list":["post-2898","post","type-post","status-publish","format-standard","has-post-thumbnail","hentry","category-sin-categoria"],"_links":{"self":[{"href":"https:\/\/girasolmultimedios.com\/portal\/wp-json\/wp\/v2\/posts\/2898","targetHints":{"allow":["GET"]}}],"collection":[{"href":"https:\/\/girasolmultimedios.com\/portal\/wp-json\/wp\/v2\/posts"}],"about":[{"href":"https:\/\/girasolmultimedios.com\/portal\/wp-json\/wp\/v2\/types\/post"}],"author":[{"embeddable":true,"href":"https:\/\/girasolmultimedios.com\/portal\/wp-json\/wp\/v2\/users\/2"}],"replies":[{"embeddable":true,"href":"https:\/\/girasolmultimedios.com\/portal\/wp-json\/wp\/v2\/comments?post=2898"}],"version-history":[{"count":1,"href":"https:\/\/girasolmultimedios.com\/portal\/wp-json\/wp\/v2\/posts\/2898\/revisions"}],"predecessor-version":[{"id":2900,"href":"https:\/\/girasolmultimedios.com\/portal\/wp-json\/wp\/v2\/posts\/2898\/revisions\/2900"}],"wp:featuredmedia":[{"embeddable":true,"href":"https:\/\/girasolmultimedios.com\/portal\/wp-json\/wp\/v2\/media\/2899"}],"wp:attachment":[{"href":"https:\/\/girasolmultimedios.com\/portal\/wp-json\/wp\/v2\/media?parent=2898"}],"wp:term":[{"taxonomy":"category","embeddable":true,"href":"https:\/\/girasolmultimedios.com\/portal\/wp-json\/wp\/v2\/categories?post=2898"},{"taxonomy":"post_tag","embeddable":true,"href":"https:\/\/girasolmultimedios.com\/portal\/wp-json\/wp\/v2\/tags?post=2898"}],"curies":[{"name":"wp","href":"https:\/\/api.w.org\/{rel}","templated":true}]}}