{"id":2901,"date":"2025-12-18T09:47:19","date_gmt":"2025-12-18T15:47:19","guid":{"rendered":"https:\/\/girasolmultimedios.com\/portal\/?p=2901"},"modified":"2025-12-18T09:47:19","modified_gmt":"2025-12-18T15:47:19","slug":"denuncian-atraso-en-aguinaldo-de-hasta-el-50-del-magisterio","status":"publish","type":"post","link":"https:\/\/girasolmultimedios.com\/portal\/denuncian-atraso-en-aguinaldo-de-hasta-el-50-del-magisterio\/","title":{"rendered":"Denuncian atraso en aguinaldo de hasta el 50% del magisterio"},"content":{"rendered":"\n<p>El profesor Gilberto Ben\u00edtez denunci\u00f3 p\u00fablicamente a la\u00a0Secretar\u00eda de Educaci\u00f3n\u00a0por el retraso en el pago del aguinaldo a un amplio sector del magisterio a nivel nacional, situaci\u00f3n que, seg\u00fan estim\u00f3, afecta entre el 40 y 50 por ciento de los docentes del pa\u00eds.<\/p>\n\n\n\n<p>Ben\u00edtez afirm\u00f3 que, aunque a un grupo reducido de profesores ya se les acredit\u00f3 el beneficio, la mayor\u00eda a\u00fan no recibe el aguinaldo en los distintos bancos del sistema financiero nacional, pese a que la ley establece que este pago debe realizarse en tiempo y forma.<\/p>\n\n\n\n<p>El dirigente magisterial tambi\u00e9n se\u00f1al\u00f3 el incumplimiento en el pago de las vacaciones correspondientes al mes de noviembre, las cuales, seg\u00fan la Ley Fundamental de Educaci\u00f3n, debieron cancelarse de manera oportuna y hasta ahora siguen pendientes.<\/p>\n\n\n\n<p><br>Adem\u00e1s, Ben\u00edtez expres\u00f3 su preocupaci\u00f3n por la cercan\u00eda del pago salarial de diciembre y advirti\u00f3 que este debe realizarse puntualmente para evitar mayores afectaciones econ\u00f3micas al sector docente.<\/p>\n\n\n\n<p>Por otra parte, el profesor cuestion\u00f3 la participaci\u00f3n del ministro de Educaci\u00f3n y de la Secretar\u00eda en actividades de protesta y movilizaciones pol\u00edticas.<\/p>\n\n\n\n<p>Calific\u00f3 como lamentable la politizaci\u00f3n de la instituci\u00f3n y denunci\u00f3 la emisi\u00f3n de comunicados que instan a los docentes a sumarse a manifestaciones bajo el argumento de defender la democracia.<\/p>\n\n\n\n<p>Finalmente, Ben\u00edtez sostuvo que el pueblo hondure\u00f1o ya defendi\u00f3 la democracia mediante el voto y consider\u00f3 que los funcionarios del actual gobierno deben enfocarse en cumplir sus responsabilidades administrativas y en preparar adecuadamente las comisiones de transici\u00f3n.<\/p>\n","protected":false},"excerpt":{"rendered":"<p>El profesor Gilberto Ben\u00edtez denunci\u00f3 p\u00fablicamente a la\u00a0Secretar\u00eda de Educaci\u00f3n\u00a0por el retraso en el pago del aguinaldo a un amplio sector del magisterio a nivel nacional, situaci\u00f3n que, seg\u00fan estim\u00f3, afecta entre el 40 y 50 por ciento de los docentes del pa\u00eds. Ben\u00edtez afirm\u00f3 que, aunque a un grupo reducido de profesores ya se [&hellip;]<\/p>\n","protected":false},"author":2,"featured_media":2902,"comment_status":"closed","ping_status":"open","sticky":false,"template":"","format":"standard","meta":{"_seopress_robots_primary_cat":"","_seopress_titles_title":"","_seopress_titles_desc":"","_seopress_robots_index":"","footnotes":""},"categories":[1],"tags":[],"class_list":["post-2901","post","type-post","status-publish","format-standard","has-post-thumbnail","hentry","category-sin-categoria"],"_links":{"self":[{"href":"https:\/\/girasolmultimedios.com\/portal\/wp-json\/wp\/v2\/posts\/2901","targetHints":{"allow":["GET"]}}],"collection":[{"href":"https:\/\/girasolmultimedios.com\/portal\/wp-json\/wp\/v2\/posts"}],"about":[{"href":"https:\/\/girasolmultimedios.com\/portal\/wp-json\/wp\/v2\/types\/post"}],"author":[{"embeddable":true,"href":"https:\/\/girasolmultimedios.com\/portal\/wp-json\/wp\/v2\/users\/2"}],"replies":[{"embeddable":true,"href":"https:\/\/girasolmultimedios.com\/portal\/wp-json\/wp\/v2\/comments?post=2901"}],"version-history":[{"count":1,"href":"https:\/\/girasolmultimedios.com\/portal\/wp-json\/wp\/v2\/posts\/2901\/revisions"}],"predecessor-version":[{"id":2903,"href":"https:\/\/girasolmultimedios.com\/portal\/wp-json\/wp\/v2\/posts\/2901\/revisions\/2903"}],"wp:featuredmedia":[{"embeddable":true,"href":"https:\/\/girasolmultimedios.com\/portal\/wp-json\/wp\/v2\/media\/2902"}],"wp:attachment":[{"href":"https:\/\/girasolmultimedios.com\/portal\/wp-json\/wp\/v2\/media?parent=2901"}],"wp:term":[{"taxonomy":"category","embeddable":true,"href":"https:\/\/girasolmultimedios.com\/portal\/wp-json\/wp\/v2\/categories?post=2901"},{"taxonomy":"post_tag","embeddable":true,"href":"https:\/\/girasolmultimedios.com\/portal\/wp-json\/wp\/v2\/tags?post=2901"}],"curies":[{"name":"wp","href":"https:\/\/api.w.org\/{rel}","templated":true}]}}