{"id":2904,"date":"2025-12-18T09:48:34","date_gmt":"2025-12-18T15:48:34","guid":{"rendered":"https:\/\/girasolmultimedios.com\/portal\/?p=2904"},"modified":"2025-12-18T09:48:34","modified_gmt":"2025-12-18T15:48:34","slug":"luis-redondo-convoca-a-sesion-de-comision-permanente-este-jueves","status":"publish","type":"post","link":"https:\/\/girasolmultimedios.com\/portal\/luis-redondo-convoca-a-sesion-de-comision-permanente-este-jueves\/","title":{"rendered":"Luis Redondo convoca a sesi\u00f3n de Comisi\u00f3n Permanente este jueves"},"content":{"rendered":"\n<p>El presidente del\u00a0Congreso Nacional, Luis Redondo, convoc\u00f3 a la Comisi\u00f3n Permanente a sesi\u00f3n de trabajar para este jueves a partir de las 4:00 de la tarde en Tegucigalpa, capital de Honduras.<\/p>\n\n\n\n<p>Redondo destac\u00f3 que esta sesi\u00f3n abordar\u00e1 la resoluci\u00f3n de asuntos urgentes vinculados a las Elecciones Generales del pasado 30 de noviembre.<\/p>\n","protected":false},"excerpt":{"rendered":"<p>El presidente del\u00a0Congreso Nacional, Luis Redondo, convoc\u00f3 a la Comisi\u00f3n Permanente a sesi\u00f3n de trabajar para este jueves a partir de las 4:00 de la tarde en Tegucigalpa, capital de Honduras. Redondo destac\u00f3 que esta sesi\u00f3n abordar\u00e1 la resoluci\u00f3n de asuntos urgentes vinculados a las Elecciones Generales del pasado 30 de noviembre.<\/p>\n","protected":false},"author":2,"featured_media":2905,"comment_status":"closed","ping_status":"open","sticky":false,"template":"","format":"standard","meta":{"_seopress_robots_primary_cat":"","_seopress_titles_title":"","_seopress_titles_desc":"","_seopress_robots_index":"","footnotes":""},"categories":[1],"tags":[],"class_list":["post-2904","post","type-post","status-publish","format-standard","has-post-thumbnail","hentry","category-sin-categoria"],"_links":{"self":[{"href":"https:\/\/girasolmultimedios.com\/portal\/wp-json\/wp\/v2\/posts\/2904","targetHints":{"allow":["GET"]}}],"collection":[{"href":"https:\/\/girasolmultimedios.com\/portal\/wp-json\/wp\/v2\/posts"}],"about":[{"href":"https:\/\/girasolmultimedios.com\/portal\/wp-json\/wp\/v2\/types\/post"}],"author":[{"embeddable":true,"href":"https:\/\/girasolmultimedios.com\/portal\/wp-json\/wp\/v2\/users\/2"}],"replies":[{"embeddable":true,"href":"https:\/\/girasolmultimedios.com\/portal\/wp-json\/wp\/v2\/comments?post=2904"}],"version-history":[{"count":1,"href":"https:\/\/girasolmultimedios.com\/portal\/wp-json\/wp\/v2\/posts\/2904\/revisions"}],"predecessor-version":[{"id":2906,"href":"https:\/\/girasolmultimedios.com\/portal\/wp-json\/wp\/v2\/posts\/2904\/revisions\/2906"}],"wp:featuredmedia":[{"embeddable":true,"href":"https:\/\/girasolmultimedios.com\/portal\/wp-json\/wp\/v2\/media\/2905"}],"wp:attachment":[{"href":"https:\/\/girasolmultimedios.com\/portal\/wp-json\/wp\/v2\/media?parent=2904"}],"wp:term":[{"taxonomy":"category","embeddable":true,"href":"https:\/\/girasolmultimedios.com\/portal\/wp-json\/wp\/v2\/categories?post=2904"},{"taxonomy":"post_tag","embeddable":true,"href":"https:\/\/girasolmultimedios.com\/portal\/wp-json\/wp\/v2\/tags?post=2904"}],"curies":[{"name":"wp","href":"https:\/\/api.w.org\/{rel}","templated":true}]}}