{"id":2931,"date":"2025-12-19T09:56:33","date_gmt":"2025-12-19T15:56:33","guid":{"rendered":"https:\/\/girasolmultimedios.com\/portal\/?p=2931"},"modified":"2025-12-19T09:56:34","modified_gmt":"2025-12-19T15:56:34","slug":"reportan-asesinato-de-tres-mujeres-este-viernes-en-distintos-puntos-del-pais","status":"publish","type":"post","link":"https:\/\/girasolmultimedios.com\/portal\/reportan-asesinato-de-tres-mujeres-este-viernes-en-distintos-puntos-del-pais\/","title":{"rendered":"Reportan asesinato de tres mujeres este viernes en distintos puntos del pa\u00eds"},"content":{"rendered":"\n<p>Al menos tres mujeres murieron de forma violenta la ma\u00f1ana de este viernes en distintos sectores de Honduras, seg\u00fan reportes preliminares de las autoridades.<\/p>\n\n\n\n<p>En el municipio de Ojojona, una mujer identificada como Celina F\u00fanez, de 40 a\u00f1os, perdi\u00f3 la vida dentro de su vivienda en un hecho ocurrido frente a su nieto. Tras el ataque, el menor alert\u00f3 a los vecinos, quienes dieron aviso al Sistema Nacional de Emergencias 911.<\/p>\n\n\n\n<p>En Tegucigalpa, las autoridades encontraron el cuerpo de una joven en el sector de La Mololoa. Hasta el momento, no han confirmado su identidad y mantienen las investigaciones para esclarecer el crimen.<\/p>\n\n\n\n<p>En un tercer hecho, en el municipio de San Francisco de la Paz, departamento de Olancho, una mujer identificada como Blanca Giselle Medina, de 20 a\u00f1os, muri\u00f3 de manera violenta. Las autoridades locales iniciaron el proceso de investigaci\u00f3n correspondiente.<\/p>\n\n\n\n<p>Estos hechos se suman al aumento de muertes violentas de mujeres en el pa\u00eds.<\/p>\n\n\n\n<p>De acuerdo con datos del\u00a0Observatorio de la Violencia de la Universidad Nacional Aut\u00f3noma de Honduras (OV-UNAH), en lo que va del a\u00f1o 246 mujeres han sido asesinadas a nivel nacional, una situaci\u00f3n que contin\u00faa generando luto y preocupaci\u00f3n entre las familias hondure\u00f1as.<\/p>\n","protected":false},"excerpt":{"rendered":"<p>Al menos tres mujeres murieron de forma violenta la ma\u00f1ana de este viernes en distintos sectores de Honduras, seg\u00fan reportes preliminares de las autoridades. En el municipio de Ojojona, una mujer identificada como Celina F\u00fanez, de 40 a\u00f1os, perdi\u00f3 la vida dentro de su vivienda en un hecho ocurrido frente a su nieto. Tras el [&hellip;]<\/p>\n","protected":false},"author":2,"featured_media":2932,"comment_status":"closed","ping_status":"open","sticky":false,"template":"","format":"standard","meta":{"_seopress_robots_primary_cat":"","_seopress_titles_title":"","_seopress_titles_desc":"","_seopress_robots_index":"","footnotes":""},"categories":[23],"tags":[],"class_list":["post-2931","post","type-post","status-publish","format-standard","has-post-thumbnail","hentry","category-nacionales"],"_links":{"self":[{"href":"https:\/\/girasolmultimedios.com\/portal\/wp-json\/wp\/v2\/posts\/2931","targetHints":{"allow":["GET"]}}],"collection":[{"href":"https:\/\/girasolmultimedios.com\/portal\/wp-json\/wp\/v2\/posts"}],"about":[{"href":"https:\/\/girasolmultimedios.com\/portal\/wp-json\/wp\/v2\/types\/post"}],"author":[{"embeddable":true,"href":"https:\/\/girasolmultimedios.com\/portal\/wp-json\/wp\/v2\/users\/2"}],"replies":[{"embeddable":true,"href":"https:\/\/girasolmultimedios.com\/portal\/wp-json\/wp\/v2\/comments?post=2931"}],"version-history":[{"count":1,"href":"https:\/\/girasolmultimedios.com\/portal\/wp-json\/wp\/v2\/posts\/2931\/revisions"}],"predecessor-version":[{"id":2933,"href":"https:\/\/girasolmultimedios.com\/portal\/wp-json\/wp\/v2\/posts\/2931\/revisions\/2933"}],"wp:featuredmedia":[{"embeddable":true,"href":"https:\/\/girasolmultimedios.com\/portal\/wp-json\/wp\/v2\/media\/2932"}],"wp:attachment":[{"href":"https:\/\/girasolmultimedios.com\/portal\/wp-json\/wp\/v2\/media?parent=2931"}],"wp:term":[{"taxonomy":"category","embeddable":true,"href":"https:\/\/girasolmultimedios.com\/portal\/wp-json\/wp\/v2\/categories?post=2931"},{"taxonomy":"post_tag","embeddable":true,"href":"https:\/\/girasolmultimedios.com\/portal\/wp-json\/wp\/v2\/tags?post=2931"}],"curies":[{"name":"wp","href":"https:\/\/api.w.org\/{rel}","templated":true}]}}