{"id":2940,"date":"2025-12-22T09:47:25","date_gmt":"2025-12-22T15:47:25","guid":{"rendered":"https:\/\/girasolmultimedios.com\/portal\/?p=2940"},"modified":"2025-12-22T09:47:25","modified_gmt":"2025-12-22T15:47:25","slug":"suben-a-cuatro-los-muertos-por-volcamiento-en-la-ca-5-a-la-altura-de-siguatepeque","status":"publish","type":"post","link":"https:\/\/girasolmultimedios.com\/portal\/suben-a-cuatro-los-muertos-por-volcamiento-en-la-ca-5-a-la-altura-de-siguatepeque\/","title":{"rendered":"Suben a cuatro los muertos por volcamiento en la CA-5, a la altura de Siguatepeque"},"content":{"rendered":"\n<p>A cuatro se elev\u00f3 el n\u00famero de personas fallecidas tras un accidente de tr\u00e1nsito ocurrido en la carretera CA-5, a la altura de Siguatepeque, en el departamento de\u00a0Comayagua.<\/p>\n\n\n\n<p>De acuerdo con informaci\u00f3n preliminar, siete personas se transportaban en un veh\u00edculo tipo paila cargado con sacos de caf\u00e9, procedentes de Comayagua con destino a Siguatepeque, donde pretend\u00edan comercializar el producto. Durante el trayecto, un presunto despiste habr\u00eda provocado que el conductor perdiera el control, ocasionando el volcamiento del automotor.<\/p>\n\n\n\n<p>En el lugar del accidente perdi\u00f3 la vida Andr\u00e9s Chicas, de 47 a\u00f1os. Otras seis personas resultaron heridas y fueron trasladadas a un hospital local; sin embargo, debido a la gravedad de las lesiones, cuatro fueron remitidas posteriormente al Hospital Escuela, donde horas m\u00e1s tarde se confirm\u00f3 el fallecimiento de tres personas m\u00e1s.<\/p>\n\n\n\n<p>Las v\u00edctimas fueron identificadas como Pablo Ram\u00edrez (47), Marlon Maldonado (27) y Mar\u00eda Celeste Pachucho (15).<br>Los cuerpos ingresaron la madrugada de este lunes a la morgue capitalina para los procedimientos correspondientes.<\/p>\n\n\n\n<p>Seg\u00fan los reportes, los \u00fanicos sobrevivientes del accidente son el conductor del veh\u00edculo, una mujer y su hija de aproximadamente un a\u00f1o de edad, quienes permanecen bajo observaci\u00f3n m\u00e9dica.<\/p>\n","protected":false},"excerpt":{"rendered":"<p>A cuatro se elev\u00f3 el n\u00famero de personas fallecidas tras un accidente de tr\u00e1nsito ocurrido en la carretera CA-5, a la altura de Siguatepeque, en el departamento de\u00a0Comayagua. De acuerdo con informaci\u00f3n preliminar, siete personas se transportaban en un veh\u00edculo tipo paila cargado con sacos de caf\u00e9, procedentes de Comayagua con destino a Siguatepeque, donde [&hellip;]<\/p>\n","protected":false},"author":2,"featured_media":2941,"comment_status":"closed","ping_status":"open","sticky":false,"template":"","format":"standard","meta":{"_seopress_robots_primary_cat":"","_seopress_titles_title":"","_seopress_titles_desc":"","_seopress_robots_index":"","footnotes":""},"categories":[1],"tags":[],"class_list":["post-2940","post","type-post","status-publish","format-standard","has-post-thumbnail","hentry","category-sin-categoria"],"_links":{"self":[{"href":"https:\/\/girasolmultimedios.com\/portal\/wp-json\/wp\/v2\/posts\/2940","targetHints":{"allow":["GET"]}}],"collection":[{"href":"https:\/\/girasolmultimedios.com\/portal\/wp-json\/wp\/v2\/posts"}],"about":[{"href":"https:\/\/girasolmultimedios.com\/portal\/wp-json\/wp\/v2\/types\/post"}],"author":[{"embeddable":true,"href":"https:\/\/girasolmultimedios.com\/portal\/wp-json\/wp\/v2\/users\/2"}],"replies":[{"embeddable":true,"href":"https:\/\/girasolmultimedios.com\/portal\/wp-json\/wp\/v2\/comments?post=2940"}],"version-history":[{"count":1,"href":"https:\/\/girasolmultimedios.com\/portal\/wp-json\/wp\/v2\/posts\/2940\/revisions"}],"predecessor-version":[{"id":2942,"href":"https:\/\/girasolmultimedios.com\/portal\/wp-json\/wp\/v2\/posts\/2940\/revisions\/2942"}],"wp:featuredmedia":[{"embeddable":true,"href":"https:\/\/girasolmultimedios.com\/portal\/wp-json\/wp\/v2\/media\/2941"}],"wp:attachment":[{"href":"https:\/\/girasolmultimedios.com\/portal\/wp-json\/wp\/v2\/media?parent=2940"}],"wp:term":[{"taxonomy":"category","embeddable":true,"href":"https:\/\/girasolmultimedios.com\/portal\/wp-json\/wp\/v2\/categories?post=2940"},{"taxonomy":"post_tag","embeddable":true,"href":"https:\/\/girasolmultimedios.com\/portal\/wp-json\/wp\/v2\/tags?post=2940"}],"curies":[{"name":"wp","href":"https:\/\/api.w.org\/{rel}","templated":true}]}}