{"id":2973,"date":"2025-12-23T09:38:02","date_gmt":"2025-12-23T15:38:02","guid":{"rendered":"https:\/\/girasolmultimedios.com\/portal\/?p=2973"},"modified":"2025-12-23T09:38:03","modified_gmt":"2025-12-23T15:38:03","slug":"esto-se-sabe-del-asesinato-de-un-hombre-dentro-de-un-hotel-en-catacamas","status":"publish","type":"post","link":"https:\/\/girasolmultimedios.com\/portal\/esto-se-sabe-del-asesinato-de-un-hombre-dentro-de-un-hotel-en-catacamas\/","title":{"rendered":"Esto se sabe del asesinato de un hombre dentro de un hotel en Catacamas"},"content":{"rendered":"\n<p>Un nuevo hecho violento se registr\u00f3 este lunes en el municipio de Catacamas, donde un hombre fue asesinado dentro de un hotel ubicado en la calle principal hacia el sector Altos de Jalisco, lo que gener\u00f3 alarma entre vecinos y comerciantes de la zona.<\/p>\n\n\n\n<p>Seg\u00fan informaci\u00f3n preliminar proporcionada por autoridades y testigos, sujetos fuertemente armados ingresaron al establecimiento y sacaron por la fuerza a la v\u00edctima de una de las habitaciones. Minutos despu\u00e9s, el hombre fue atacado con arma de fuego, perdiendo la vida en el lugar.<\/p>\n\n\n\n<p>La v\u00edctima fue identificada preliminarmente como Ram\u00f3n Antonio Guill\u00e9n.<\/p>\n\n\n\n<h3 class=\"wp-block-heading\"><strong>Amplio despliegue policial<\/strong><\/h3>\n\n\n\n<p>Tras el hecho, el personal del hotel alert\u00f3 al Sistema Nacional de Emergencias 911, cuyos param\u00e9dicos confirmaron que la v\u00edctima ya no presentaba signos vitales. Posteriormente, agentes de la Polic\u00eda Nacional de\u00a0Honduras\u00a0acordonaron el \u00e1rea, cubriendo al menos una manzana alrededor del hotel.<\/p>\n\n\n\n<p>En la escena se observ\u00f3 un importante despliegue policial, mientras la Direcci\u00f3n Policial de Investigaciones (DPI) inici\u00f3 las primeras diligencias para esclarecer el crimen. Se espera adem\u00e1s la intervenci\u00f3n del Ministerio P\u00fablico, encargado del levantamiento cadav\u00e9rico y la coordinaci\u00f3n de las investigaciones para determinar el m\u00f3vil del homicidio y dar con los responsables.<\/p>\n\n\n\n<h3 class=\"wp-block-heading\"><strong>Preocupaci\u00f3n por el incremento de la violencia<\/strong><\/h3>\n\n\n\n<p>El asesinato ha encendido la preocupaci\u00f3n entre los habitantes de Catacamas, especialmente por ocurrir en plena temporada navide\u00f1a, un per\u00edodo tradicionalmente dedicado a la convivencia familiar.<\/p>\n\n\n\n<p>De acuerdo con datos de la Secretar\u00eda de Seguridad, a trav\u00e9s del Sistema Estad\u00edstico Policial en L\u00ednea (Sepol), Honduras registra 2,252 homicidios a nivel nacional; 153 de ellos en lo que va de diciembre hasta el d\u00eda 21.<\/p>\n\n\n\n<p>Las autoridades reiteraron el llamado a la ciudadan\u00eda para aportar informaci\u00f3n de forma confidencial que ayude a esclarecer este y otros hechos, mientras contin\u00faan los operativos de seguridad en la zona.<\/p>\n","protected":false},"excerpt":{"rendered":"<p>Un nuevo hecho violento se registr\u00f3 este lunes en el municipio de Catacamas, donde un hombre fue asesinado dentro de un hotel ubicado en la calle principal hacia el sector Altos de Jalisco, lo que gener\u00f3 alarma entre vecinos y comerciantes de la zona. Seg\u00fan informaci\u00f3n preliminar proporcionada por autoridades y testigos, sujetos fuertemente armados [&hellip;]<\/p>\n","protected":false},"author":2,"featured_media":2974,"comment_status":"closed","ping_status":"open","sticky":false,"template":"","format":"standard","meta":{"_seopress_robots_primary_cat":"","_seopress_titles_title":"","_seopress_titles_desc":"","_seopress_robots_index":"","footnotes":""},"categories":[1],"tags":[],"class_list":["post-2973","post","type-post","status-publish","format-standard","has-post-thumbnail","hentry","category-sin-categoria"],"_links":{"self":[{"href":"https:\/\/girasolmultimedios.com\/portal\/wp-json\/wp\/v2\/posts\/2973","targetHints":{"allow":["GET"]}}],"collection":[{"href":"https:\/\/girasolmultimedios.com\/portal\/wp-json\/wp\/v2\/posts"}],"about":[{"href":"https:\/\/girasolmultimedios.com\/portal\/wp-json\/wp\/v2\/types\/post"}],"author":[{"embeddable":true,"href":"https:\/\/girasolmultimedios.com\/portal\/wp-json\/wp\/v2\/users\/2"}],"replies":[{"embeddable":true,"href":"https:\/\/girasolmultimedios.com\/portal\/wp-json\/wp\/v2\/comments?post=2973"}],"version-history":[{"count":1,"href":"https:\/\/girasolmultimedios.com\/portal\/wp-json\/wp\/v2\/posts\/2973\/revisions"}],"predecessor-version":[{"id":2975,"href":"https:\/\/girasolmultimedios.com\/portal\/wp-json\/wp\/v2\/posts\/2973\/revisions\/2975"}],"wp:featuredmedia":[{"embeddable":true,"href":"https:\/\/girasolmultimedios.com\/portal\/wp-json\/wp\/v2\/media\/2974"}],"wp:attachment":[{"href":"https:\/\/girasolmultimedios.com\/portal\/wp-json\/wp\/v2\/media?parent=2973"}],"wp:term":[{"taxonomy":"category","embeddable":true,"href":"https:\/\/girasolmultimedios.com\/portal\/wp-json\/wp\/v2\/categories?post=2973"},{"taxonomy":"post_tag","embeddable":true,"href":"https:\/\/girasolmultimedios.com\/portal\/wp-json\/wp\/v2\/tags?post=2973"}],"curies":[{"name":"wp","href":"https:\/\/api.w.org\/{rel}","templated":true}]}}