{"id":2976,"date":"2025-12-23T09:39:30","date_gmt":"2025-12-23T15:39:30","guid":{"rendered":"https:\/\/girasolmultimedios.com\/portal\/?p=2976"},"modified":"2025-12-23T09:39:30","modified_gmt":"2025-12-23T15:39:30","slug":"confirma-la-sesal-a-762-suben-los-casos-de-influenza-en-lo-que-va-de-2025","status":"publish","type":"post","link":"https:\/\/girasolmultimedios.com\/portal\/confirma-la-sesal-a-762-suben-los-casos-de-influenza-en-lo-que-va-de-2025\/","title":{"rendered":"Confirma la SESAL: A 762 suben los casos de influenza en lo que va de 2025"},"content":{"rendered":"\n<p>M\u00e1s de 760 casos de influenza se reportan a nivel nacional, en lo que va del 2025, inform\u00f3 el jefe de la Unidad de Vigilancia de la Salud (UVS) de la Secretar\u00eda de Salud (Sesal), Lorenzo Pav\u00f3n.<\/p>\n\n\n\n<p>El funcionario advirti\u00f3 que noviembre y diciembre son los meses de mayor circulaci\u00f3n del virus, donde se contabiliza un incremento de los contagios, por lo que recomend\u00f3 a la poblaci\u00f3n tomar las medidas de precauci\u00f3n y prevenci\u00f3n.<\/p>\n\n\n\n<p>\u201cGeneralmente, la influenza es estacional, es decir, en la temporada de diciembre y enero se dispara y hay aumento de casos; ahora tenemos 762 casos de influenza y han fallecido tres personas a nivel nacional\u201d, indic\u00f3.<\/p>\n\n\n\n<p>Mediante pruebas de laboratorio se confirm\u00f3 que tres personas perdieron la vida por el virus, que en comparaci\u00f3n con el a\u00f1o anterior muestra una reducci\u00f3n del 80 por ciento en los contagios.<\/p>\n\n\n\n<h3 class=\"wp-block-heading\">INSTAN A VACUNARSE<\/h3>\n\n\n\n<p>Pav\u00f3n enfatiz\u00f3 la importancia de aplicarse la vacuna contra la influenza, que est\u00e1 disponible en todos los establecimientos de salud a nivel nacional, y que se debe poner una vez al a\u00f1o.<\/p>\n\n\n\n<p>Ante la alerta mundial, la Sesal ha preparado un plan de contingencias para afrontar la circulaci\u00f3n del virus de influenza A (H3N2), que ya se confirm\u00f3 en varios pa\u00edses, entre estos en Panam\u00e1, donde se registran los casos m\u00e1s recientes.<\/p>\n\n\n\n<p>Las autoridades de Salud exhortaron a fortalecer la vigilancia epidemiol\u00f3gica en los viajeros que llegan al pa\u00eds.<\/p>\n\n\n\n<p>Ante un caso sospechoso en cualquier aeropuerto del pa\u00eds, se debe activar el Comit\u00e9 Operativo de Emergencia en Salud, comunicarlo de manera urgente y tomar todas las medidas necesarias.<\/p>\n\n\n\n<p>M\u00e9dicos y expertos en el tema han advertido a la poblaci\u00f3n que ante cualquier s\u00edntoma se debe buscar atenci\u00f3n m\u00e9dica y no automedicarse, ya que esto podr\u00eda causar complicaciones graves.&nbsp;<\/p>\n","protected":false},"excerpt":{"rendered":"<p>M\u00e1s de 760 casos de influenza se reportan a nivel nacional, en lo que va del 2025, inform\u00f3 el jefe de la Unidad de Vigilancia de la Salud (UVS) de la Secretar\u00eda de Salud (Sesal), Lorenzo Pav\u00f3n. El funcionario advirti\u00f3 que noviembre y diciembre son los meses de mayor circulaci\u00f3n del virus, donde se contabiliza [&hellip;]<\/p>\n","protected":false},"author":2,"featured_media":2977,"comment_status":"closed","ping_status":"open","sticky":false,"template":"","format":"standard","meta":{"_seopress_robots_primary_cat":"","_seopress_titles_title":"","_seopress_titles_desc":"","_seopress_robots_index":"","footnotes":""},"categories":[1],"tags":[],"class_list":["post-2976","post","type-post","status-publish","format-standard","has-post-thumbnail","hentry","category-sin-categoria"],"_links":{"self":[{"href":"https:\/\/girasolmultimedios.com\/portal\/wp-json\/wp\/v2\/posts\/2976","targetHints":{"allow":["GET"]}}],"collection":[{"href":"https:\/\/girasolmultimedios.com\/portal\/wp-json\/wp\/v2\/posts"}],"about":[{"href":"https:\/\/girasolmultimedios.com\/portal\/wp-json\/wp\/v2\/types\/post"}],"author":[{"embeddable":true,"href":"https:\/\/girasolmultimedios.com\/portal\/wp-json\/wp\/v2\/users\/2"}],"replies":[{"embeddable":true,"href":"https:\/\/girasolmultimedios.com\/portal\/wp-json\/wp\/v2\/comments?post=2976"}],"version-history":[{"count":1,"href":"https:\/\/girasolmultimedios.com\/portal\/wp-json\/wp\/v2\/posts\/2976\/revisions"}],"predecessor-version":[{"id":2978,"href":"https:\/\/girasolmultimedios.com\/portal\/wp-json\/wp\/v2\/posts\/2976\/revisions\/2978"}],"wp:featuredmedia":[{"embeddable":true,"href":"https:\/\/girasolmultimedios.com\/portal\/wp-json\/wp\/v2\/media\/2977"}],"wp:attachment":[{"href":"https:\/\/girasolmultimedios.com\/portal\/wp-json\/wp\/v2\/media?parent=2976"}],"wp:term":[{"taxonomy":"category","embeddable":true,"href":"https:\/\/girasolmultimedios.com\/portal\/wp-json\/wp\/v2\/categories?post=2976"},{"taxonomy":"post_tag","embeddable":true,"href":"https:\/\/girasolmultimedios.com\/portal\/wp-json\/wp\/v2\/tags?post=2976"}],"curies":[{"name":"wp","href":"https:\/\/api.w.org\/{rel}","templated":true}]}}