{"id":2985,"date":"2025-12-23T09:45:12","date_gmt":"2025-12-23T15:45:12","guid":{"rendered":"https:\/\/girasolmultimedios.com\/portal\/?p=2985"},"modified":"2025-12-23T09:45:13","modified_gmt":"2025-12-23T15:45:13","slug":"muere-pastor-evangelico-en-aparatoso-accidente-de-transito","status":"publish","type":"post","link":"https:\/\/girasolmultimedios.com\/portal\/muere-pastor-evangelico-en-aparatoso-accidente-de-transito\/","title":{"rendered":"Muere pastor evang\u00e9lico en aparatoso accidente de tr\u00e1nsito"},"content":{"rendered":"\n<p>Un fuerte accidente de tr\u00e1nsito registrado en el kil\u00f3metro 14 de la carretera que de Tegucigalpa conduce a Olancho dej\u00f3 como saldo la muerte de un pastor evang\u00e9lico que se dirig\u00eda desde el municipio de Talanga hacia la capital hondure\u00f1a.<\/p>\n\n\n\n<p>El hecho ocurri\u00f3 a la altura del cementerio Jard\u00edn de los \u00c1ngeles y en el mismo estuvieron involucrados un veh\u00edculo tipo pickup y un autom\u00f3vil turismo, este \u00faltimo result\u00f3 con severos da\u00f1os tras el impacto.<\/p>\n\n\n\n<p>En dicho automotor viajaba la v\u00edctima, identificada como Marco Tulio Moncada, de origen miskito.<\/p>\n\n\n\n<p>Luego del choque, Moncada fue trasladado de emergencia al Hospital Escuela, donde recibi\u00f3 atenci\u00f3n m\u00e9dica; no obstante, en horas de la tarde-noche se confirm\u00f3 su fallecimiento debido a la gravedad de las lesiones sufridas.<\/p>\n\n\n\n<p>Autoridades de tr\u00e1nsito llegaron al lugar para realizar el respectivo levantamiento del informe y determinar las causas que provocaron el accidente.<\/p>\n\n\n\n<p>El fallecimiento del pastor ha generado consternaci\u00f3n entre familiares, amigos y miembros de la comunidad religiosa a la que pertenec\u00eda.<\/p>\n","protected":false},"excerpt":{"rendered":"<p>Un fuerte accidente de tr\u00e1nsito registrado en el kil\u00f3metro 14 de la carretera que de Tegucigalpa conduce a Olancho dej\u00f3 como saldo la muerte de un pastor evang\u00e9lico que se dirig\u00eda desde el municipio de Talanga hacia la capital hondure\u00f1a. El hecho ocurri\u00f3 a la altura del cementerio Jard\u00edn de los \u00c1ngeles y en el [&hellip;]<\/p>\n","protected":false},"author":2,"featured_media":2986,"comment_status":"closed","ping_status":"open","sticky":false,"template":"","format":"standard","meta":{"_seopress_robots_primary_cat":"","_seopress_titles_title":"","_seopress_titles_desc":"","_seopress_robots_index":"","footnotes":""},"categories":[23],"tags":[],"class_list":["post-2985","post","type-post","status-publish","format-standard","has-post-thumbnail","hentry","category-nacionales"],"_links":{"self":[{"href":"https:\/\/girasolmultimedios.com\/portal\/wp-json\/wp\/v2\/posts\/2985","targetHints":{"allow":["GET"]}}],"collection":[{"href":"https:\/\/girasolmultimedios.com\/portal\/wp-json\/wp\/v2\/posts"}],"about":[{"href":"https:\/\/girasolmultimedios.com\/portal\/wp-json\/wp\/v2\/types\/post"}],"author":[{"embeddable":true,"href":"https:\/\/girasolmultimedios.com\/portal\/wp-json\/wp\/v2\/users\/2"}],"replies":[{"embeddable":true,"href":"https:\/\/girasolmultimedios.com\/portal\/wp-json\/wp\/v2\/comments?post=2985"}],"version-history":[{"count":1,"href":"https:\/\/girasolmultimedios.com\/portal\/wp-json\/wp\/v2\/posts\/2985\/revisions"}],"predecessor-version":[{"id":2987,"href":"https:\/\/girasolmultimedios.com\/portal\/wp-json\/wp\/v2\/posts\/2985\/revisions\/2987"}],"wp:featuredmedia":[{"embeddable":true,"href":"https:\/\/girasolmultimedios.com\/portal\/wp-json\/wp\/v2\/media\/2986"}],"wp:attachment":[{"href":"https:\/\/girasolmultimedios.com\/portal\/wp-json\/wp\/v2\/media?parent=2985"}],"wp:term":[{"taxonomy":"category","embeddable":true,"href":"https:\/\/girasolmultimedios.com\/portal\/wp-json\/wp\/v2\/categories?post=2985"},{"taxonomy":"post_tag","embeddable":true,"href":"https:\/\/girasolmultimedios.com\/portal\/wp-json\/wp\/v2\/tags?post=2985"}],"curies":[{"name":"wp","href":"https:\/\/api.w.org\/{rel}","templated":true}]}}