{"id":3004,"date":"2025-12-26T09:43:52","date_gmt":"2025-12-26T15:43:52","guid":{"rendered":"https:\/\/girasolmultimedios.com\/portal\/?p=3004"},"modified":"2025-12-26T09:43:53","modified_gmt":"2025-12-26T15:43:53","slug":"ancestral-nacimiento-de-la-familia-morga-salandia-hecho-con-fe-y-amor-a-danli","status":"publish","type":"post","link":"https:\/\/girasolmultimedios.com\/portal\/ancestral-nacimiento-de-la-familia-morga-salandia-hecho-con-fe-y-amor-a-danli\/","title":{"rendered":"Ancestral nacimiento de la familia Morga Saland\u00eda, hecho con f\u00e9 y amor a Danl\u00ed"},"content":{"rendered":"\n<p>Con devoci\u00f3n, fe y amor la familia Morga Saland\u00eda, elabora uno de los mejores nacimientos tradicionales que atraen la atenci\u00f3n de los habitantes de la Ciudad de Las Colinas.<\/p>\n\n\n\n<p>El belenismo de do\u00f1a Marta Saland\u00eda viuda de Morga, mide cinco metros de largo por dos metros de ancho, siendo uno uno de los m\u00e1s visitados por los danlidenses, ubicado en el barrio Tierra Blanca, calle principal que baja al Mercado Municipal de Danl\u00ed.<\/p>\n\n\n\n<p>\u00abEst\u00e1 tradici\u00f3n ancestral de la familia ha venido de generaci\u00f3n en generaci\u00f3n y&nbsp; desde hace 78 a\u00f1os lo he venido realizando con el recuerdo de mi amado esposo Diego Aurelio Morga, qui\u00e9n siempre me apoy\u00f3; recuerdo que desde que ten\u00eda seis a\u00f1os le ayudaba a mi abuela Encarnaci\u00f3n Saland\u00eda y cuando me cas\u00e9 a los 16 a\u00f1os continu\u00e9 la tradici\u00f3n junto a mi suegra, Francisca Vallecillo\u00bb, relat\u00f3 do\u00f1a Marta Saland\u00eda.<\/p>\n\n\n\n<p>En la actualidad, toda la descendencia de do\u00f1a Marta, entre ellos: sus cinco hijos, (cuatro mujeres y un var\u00f3n), su nuera y yernos m\u00e1s 13 nietos y 11 bisnietos, trabajan&nbsp;un mes elaborando&nbsp;con mucha pasi\u00f3n cat\u00f3lica&nbsp;el tradicional nacimiento considerado&nbsp;una obra de arte.<\/p>\n\n\n\n<p><\/p>\n","protected":false},"excerpt":{"rendered":"<p>Con devoci\u00f3n, fe y amor la familia Morga Saland\u00eda, elabora uno de los mejores nacimientos tradicionales que atraen la atenci\u00f3n de los habitantes de la Ciudad de Las Colinas. El belenismo de do\u00f1a Marta Saland\u00eda viuda de Morga, mide cinco metros de largo por dos metros de ancho, siendo uno uno de los m\u00e1s visitados [&hellip;]<\/p>\n","protected":false},"author":2,"featured_media":3005,"comment_status":"closed","ping_status":"open","sticky":false,"template":"","format":"standard","meta":{"_seopress_robots_primary_cat":"","_seopress_titles_title":"","_seopress_titles_desc":"","_seopress_robots_index":"","footnotes":""},"categories":[1],"tags":[],"class_list":["post-3004","post","type-post","status-publish","format-standard","has-post-thumbnail","hentry","category-sin-categoria"],"_links":{"self":[{"href":"https:\/\/girasolmultimedios.com\/portal\/wp-json\/wp\/v2\/posts\/3004","targetHints":{"allow":["GET"]}}],"collection":[{"href":"https:\/\/girasolmultimedios.com\/portal\/wp-json\/wp\/v2\/posts"}],"about":[{"href":"https:\/\/girasolmultimedios.com\/portal\/wp-json\/wp\/v2\/types\/post"}],"author":[{"embeddable":true,"href":"https:\/\/girasolmultimedios.com\/portal\/wp-json\/wp\/v2\/users\/2"}],"replies":[{"embeddable":true,"href":"https:\/\/girasolmultimedios.com\/portal\/wp-json\/wp\/v2\/comments?post=3004"}],"version-history":[{"count":1,"href":"https:\/\/girasolmultimedios.com\/portal\/wp-json\/wp\/v2\/posts\/3004\/revisions"}],"predecessor-version":[{"id":3006,"href":"https:\/\/girasolmultimedios.com\/portal\/wp-json\/wp\/v2\/posts\/3004\/revisions\/3006"}],"wp:featuredmedia":[{"embeddable":true,"href":"https:\/\/girasolmultimedios.com\/portal\/wp-json\/wp\/v2\/media\/3005"}],"wp:attachment":[{"href":"https:\/\/girasolmultimedios.com\/portal\/wp-json\/wp\/v2\/media?parent=3004"}],"wp:term":[{"taxonomy":"category","embeddable":true,"href":"https:\/\/girasolmultimedios.com\/portal\/wp-json\/wp\/v2\/categories?post=3004"},{"taxonomy":"post_tag","embeddable":true,"href":"https:\/\/girasolmultimedios.com\/portal\/wp-json\/wp\/v2\/tags?post=3004"}],"curies":[{"name":"wp","href":"https:\/\/api.w.org\/{rel}","templated":true}]}}