{"id":3013,"date":"2025-12-26T09:50:19","date_gmt":"2025-12-26T15:50:19","guid":{"rendered":"https:\/\/girasolmultimedios.com\/portal\/?p=3013"},"modified":"2025-12-26T09:50:19","modified_gmt":"2025-12-26T15:50:19","slug":"uso-de-polvora-deja-mas-de-12-quemados","status":"publish","type":"post","link":"https:\/\/girasolmultimedios.com\/portal\/uso-de-polvora-deja-mas-de-12-quemados\/","title":{"rendered":"Uso de p\u00f3lvora deja m\u00e1s de 12 quemados"},"content":{"rendered":"\n<p>M\u00e1s de 12 personas, en su mayor\u00eda menores de edad, fueron ingresadas con graves quemaduras, seg\u00fan reportes de los centros hospitalarios del pa\u00eds.<\/p>\n\n\n\n<p>El doctor Omar Mej\u00eda, de la Fundaci\u00f3n Hondure\u00f1a para el Ni\u00f1o Quemado (Fundaniquem), detall\u00f3 que la instituci\u00f3n amaneci\u00f3 operando a cuatro ni\u00f1os, todos ingresados por graves quemaduras provocadas por el uso de p\u00f3lvora.<\/p>\n\n\n\n<p>Entre los casos atendidos se encuentra una ni\u00f1a de apenas dos a\u00f1os, quien sufri\u00f3 quemaduras en su rostro tras el contacto con una luz de bengala. \u201cPor respeto a los pacientes no se van a pasar im\u00e1genes\u201d, detall\u00f3 el especialista.<\/p>\n\n\n\n<p>Otro de los casos m\u00e1s delicados es el de una ni\u00f1a procedente de Comayagua, quien result\u00f3 con quemaduras severas en genitales, piernas y brazos, tras el uso de chifladores.<\/p>\n\n\n\n<h2 class=\"wp-block-heading\"><strong>MUTILACIONES SEVERAS<\/strong><\/h2>\n\n\n\n<p>A estos ingresos se suman dos adolescentes de 17 a\u00f1os, trasladados desde el Hospital Materno Infantil, quienes presentan mutilaciones severas y amputaciones en las manos.<\/p>\n\n\n\n<p>\u201cHa sido una noche muy pesada para todo el personal de la fundaci\u00f3n, pero sobre todo lamentamos que esta situaci\u00f3n se siga repitiendo\u201d, expres\u00f3 Mej\u00eda con evidente preocupaci\u00f3n.<\/p>\n\n\n\n<p>Dijo que las edades de los pacientes \u20132, 13, y dos de 17 a\u00f1os\u2013 lo que refleja es un patr\u00f3n alarmante de descuido y normalizaci\u00f3n del riesgo.<\/p>\n\n\n\n<p>Fundaniquem es un hospital p\u00fablico, donde la mayor\u00eda de los pacientes provienen de familias con limitaciones econ\u00f3micas. \u201cNo van a pagar, pero el costo es enorme. Son m\u00e1s de 50,000 lempiras diarios en atenci\u00f3n\u201d, sostuvo.<\/p>\n\n\n\n<p>\u201cGasten el dinero en comida, en ropa, en cosas b\u00e1sicas. Por favor, no compren p\u00f3lvora para sus hijos. Los dedos no se compran en ninguna pulper\u00eda\u201d, recomend\u00f3 el especialista.<\/p>\n\n\n\n<h2 class=\"wp-block-heading\"><strong>PIERDEN SUS DEDOS<\/strong><\/h2>\n\n\n\n<p>Por su parte, el jefe de emergencias del Hospital \u201cMario Catarino Rivas\u201d, Jos\u00e9 Garay, revel\u00f3 que siete menores y dos adultos ingresaron al centro hospitalario con quemaduras con p\u00f3lvora.<\/p>\n\n\n\n<p>Al mismo tiempo precis\u00f3 que tres de los menores fueron intervenidos, ya que la p\u00f3lvora cercen\u00f3 dedos de sus manos, mientras tanto, los otros presentan problemas en sus rostros.<\/p>\n\n\n\n<p>A esta lista se suman dos adultos quienes tambi\u00e9n presentan quemaduras en manos y rostro, todos estos ingresos de pacientes quemados son tras la manipulaci\u00f3n de la p\u00f3lvora.<\/p>\n\n\n\n<p>En el Hospital Atl\u00e1ntida se registr\u00f3 un caso de un menor que fue ingresado a emergencia con quemaduras graves por manipulaci\u00f3n de p\u00f3lvora.<\/p>\n\n\n\n<p>Para el mi\u00e9rcoles 24 de diciembre, se detall\u00f3 la condici\u00f3n de al menos cuatro pacientes procedentes de diferentes sectores del pa\u00eds.<\/p>\n\n\n\n<h2 class=\"wp-block-heading\"><strong>SE INCENDIA COHETER\u00cdA<\/strong><\/h2>\n\n\n\n<p>El portavoz de Fundaniquem, Alfredo Ortiz, detall\u00f3 que una menor de 13 a\u00f1os ingres\u00f3 por quemaduras de p\u00f3lvora procedente de Santa B\u00e1rbara, su casa se prendi\u00f3 en fuego y era una coheter\u00eda artesanal.<\/p>\n\n\n\n<p>\u00abEn horas de la noche del 23 de diciembre ingresaron tres menores, uno procedente de Olancho por quemaduras provocadas por p\u00f3lvora\u201d, indic\u00f3.<\/p>\n\n\n\n<p>Mientras que los otros dos, uno fue procedente de Danl\u00ed tras quemarse con agua caliente y otra menor procedente de Francisco Moraz\u00e1n por quemaduras con un escape de motocicleta.<\/p>\n\n\n\n<p>El llamado es a los padres de familia para que no les compren p\u00f3lvora a los menores y estar vigilantes ante los trabajos que realizan en sus viviendas para la elaboraci\u00f3n de sus alimentos.&nbsp;<\/p>\n","protected":false},"excerpt":{"rendered":"<p>M\u00e1s de 12 personas, en su mayor\u00eda menores de edad, fueron ingresadas con graves quemaduras, seg\u00fan reportes de los centros hospitalarios del pa\u00eds. El doctor Omar Mej\u00eda, de la Fundaci\u00f3n Hondure\u00f1a para el Ni\u00f1o Quemado (Fundaniquem), detall\u00f3 que la instituci\u00f3n amaneci\u00f3 operando a cuatro ni\u00f1os, todos ingresados por graves quemaduras provocadas por el uso de [&hellip;]<\/p>\n","protected":false},"author":2,"featured_media":3014,"comment_status":"closed","ping_status":"open","sticky":false,"template":"","format":"standard","meta":{"_seopress_robots_primary_cat":"","_seopress_titles_title":"","_seopress_titles_desc":"","_seopress_robots_index":"","footnotes":""},"categories":[23],"tags":[],"class_list":["post-3013","post","type-post","status-publish","format-standard","has-post-thumbnail","hentry","category-nacionales"],"_links":{"self":[{"href":"https:\/\/girasolmultimedios.com\/portal\/wp-json\/wp\/v2\/posts\/3013","targetHints":{"allow":["GET"]}}],"collection":[{"href":"https:\/\/girasolmultimedios.com\/portal\/wp-json\/wp\/v2\/posts"}],"about":[{"href":"https:\/\/girasolmultimedios.com\/portal\/wp-json\/wp\/v2\/types\/post"}],"author":[{"embeddable":true,"href":"https:\/\/girasolmultimedios.com\/portal\/wp-json\/wp\/v2\/users\/2"}],"replies":[{"embeddable":true,"href":"https:\/\/girasolmultimedios.com\/portal\/wp-json\/wp\/v2\/comments?post=3013"}],"version-history":[{"count":1,"href":"https:\/\/girasolmultimedios.com\/portal\/wp-json\/wp\/v2\/posts\/3013\/revisions"}],"predecessor-version":[{"id":3015,"href":"https:\/\/girasolmultimedios.com\/portal\/wp-json\/wp\/v2\/posts\/3013\/revisions\/3015"}],"wp:featuredmedia":[{"embeddable":true,"href":"https:\/\/girasolmultimedios.com\/portal\/wp-json\/wp\/v2\/media\/3014"}],"wp:attachment":[{"href":"https:\/\/girasolmultimedios.com\/portal\/wp-json\/wp\/v2\/media?parent=3013"}],"wp:term":[{"taxonomy":"category","embeddable":true,"href":"https:\/\/girasolmultimedios.com\/portal\/wp-json\/wp\/v2\/categories?post=3013"},{"taxonomy":"post_tag","embeddable":true,"href":"https:\/\/girasolmultimedios.com\/portal\/wp-json\/wp\/v2\/tags?post=3013"}],"curies":[{"name":"wp","href":"https:\/\/api.w.org\/{rel}","templated":true}]}}