{"id":3037,"date":"2025-12-29T10:08:20","date_gmt":"2025-12-29T16:08:20","guid":{"rendered":"https:\/\/girasolmultimedios.com\/portal\/?p=3037"},"modified":"2025-12-29T10:08:20","modified_gmt":"2025-12-29T16:08:20","slug":"feria-del-artesano-y-agricultor-atendera-hasta-el-31-de-diciembre","status":"publish","type":"post","link":"https:\/\/girasolmultimedios.com\/portal\/feria-del-artesano-y-agricultor-atendera-hasta-el-31-de-diciembre\/","title":{"rendered":"Feria del Artesano y Agricultor atender\u00e1 hasta el 31 de diciembre"},"content":{"rendered":"\n<p>La\u00a0Feria del Artesano y del Agricultor\u00a0abri\u00f3 sus puertas este lunes frente al Estadio Jos\u00e9 de la Paz Herrera, en Tegucigalpa, y atender\u00e1 al p\u00fablico tambi\u00e9n el martes 30 y mi\u00e9rcoles 31 de diciembre.<\/p>\n\n\n\n<p>Las autoridades del evento informaron que el horario de atenci\u00f3n ser\u00e1 de cinco de la ma\u00f1ana a ocho de la noche.<\/p>\n\n\n\n<p>Adem\u00e1s, aseguraron que los productos de la canasta b\u00e1sica mantienen los mismos precios de la semana anterior.<\/p>\n\n\n\n<p>Esta estabilidad representa una buena noticia para los capitalinos, ya que pueden realizar sus compras sin que sus finanzas se vean afectadas en los \u00faltimos d\u00edas del a\u00f1o.<\/p>\n\n\n\n<p>La feria cuenta con parqueo y funciona como un punto de encuentro para la poblaci\u00f3n, incluso para autoridades que llegan a realizar sus compras.<\/p>\n\n\n\n<p>Asimismo, el espacio genera ingresos para decenas de productores y agricultores de comunidades cercanas a la capital que viajan cada semana para ofrecer sus productos.<\/p>\n\n\n\n<p><\/p>\n","protected":false},"excerpt":{"rendered":"<p>La\u00a0Feria del Artesano y del Agricultor\u00a0abri\u00f3 sus puertas este lunes frente al Estadio Jos\u00e9 de la Paz Herrera, en Tegucigalpa, y atender\u00e1 al p\u00fablico tambi\u00e9n el martes 30 y mi\u00e9rcoles 31 de diciembre. Las autoridades del evento informaron que el horario de atenci\u00f3n ser\u00e1 de cinco de la ma\u00f1ana a ocho de la noche. Adem\u00e1s, [&hellip;]<\/p>\n","protected":false},"author":2,"featured_media":3038,"comment_status":"closed","ping_status":"open","sticky":false,"template":"","format":"standard","meta":{"_seopress_robots_primary_cat":"","_seopress_titles_title":"","_seopress_titles_desc":"","_seopress_robots_index":"","footnotes":""},"categories":[1],"tags":[],"class_list":["post-3037","post","type-post","status-publish","format-standard","has-post-thumbnail","hentry","category-sin-categoria"],"_links":{"self":[{"href":"https:\/\/girasolmultimedios.com\/portal\/wp-json\/wp\/v2\/posts\/3037","targetHints":{"allow":["GET"]}}],"collection":[{"href":"https:\/\/girasolmultimedios.com\/portal\/wp-json\/wp\/v2\/posts"}],"about":[{"href":"https:\/\/girasolmultimedios.com\/portal\/wp-json\/wp\/v2\/types\/post"}],"author":[{"embeddable":true,"href":"https:\/\/girasolmultimedios.com\/portal\/wp-json\/wp\/v2\/users\/2"}],"replies":[{"embeddable":true,"href":"https:\/\/girasolmultimedios.com\/portal\/wp-json\/wp\/v2\/comments?post=3037"}],"version-history":[{"count":1,"href":"https:\/\/girasolmultimedios.com\/portal\/wp-json\/wp\/v2\/posts\/3037\/revisions"}],"predecessor-version":[{"id":3039,"href":"https:\/\/girasolmultimedios.com\/portal\/wp-json\/wp\/v2\/posts\/3037\/revisions\/3039"}],"wp:featuredmedia":[{"embeddable":true,"href":"https:\/\/girasolmultimedios.com\/portal\/wp-json\/wp\/v2\/media\/3038"}],"wp:attachment":[{"href":"https:\/\/girasolmultimedios.com\/portal\/wp-json\/wp\/v2\/media?parent=3037"}],"wp:term":[{"taxonomy":"category","embeddable":true,"href":"https:\/\/girasolmultimedios.com\/portal\/wp-json\/wp\/v2\/categories?post=3037"},{"taxonomy":"post_tag","embeddable":true,"href":"https:\/\/girasolmultimedios.com\/portal\/wp-json\/wp\/v2\/tags?post=3037"}],"curies":[{"name":"wp","href":"https:\/\/api.w.org\/{rel}","templated":true}]}}