{"id":3046,"date":"2025-12-29T10:13:41","date_gmt":"2025-12-29T16:13:41","guid":{"rendered":"https:\/\/girasolmultimedios.com\/portal\/?p=3046"},"modified":"2025-12-29T10:13:41","modified_gmt":"2025-12-29T16:13:41","slug":"un-voraz-incendio-consumio-varios-locales-comerciales-en-san-pedro-sula","status":"publish","type":"post","link":"https:\/\/girasolmultimedios.com\/portal\/un-voraz-incendio-consumio-varios-locales-comerciales-en-san-pedro-sula\/","title":{"rendered":"Un voraz incendio consumi\u00f3 varios locales comerciales en San Pedro Sula"},"content":{"rendered":"\n<p>SAN PEDRO SULA.\u00a0Un incendio estructural de gran magnitud se registr\u00f3 en la tercera avenida, ocho calles del barrio El Centro de San Pedro Sula, en el departamento de Cort\u00e9s.<\/p>\n\n\n\n<p>El siniestro arras\u00f3 con varios locales comerciales, incluyendo una ferreter\u00eda y una tienda de repuestos para motocicletas, seg\u00fan reportes del Cuerpo de Bomberos.<\/p>\n\n\n\n<p>Ante la emergencia, efectivos de la 105 Brigada de Infanter\u00eda de las Fuerzas Armadas de Honduras se desplegaron en la zona para resguardar el \u00e1rea, controlar el tr\u00e1nsito vehicular y apoyar a las personas afectadas, facilitando el trabajo de los bomberos y param\u00e9dicos.<\/p>\n\n\n\n<p>La acci\u00f3n reafirma el compromiso de las FF. AA. de actuar con prontitud en situaciones que ponen en riesgo a la poblaci\u00f3n.<\/p>\n\n\n\n<p>El incendio oblig\u00f3 al cierre temporal de calles principales en el centro de la ciudad.<\/p>\n\n\n\n<p>Comerciantes vecinos corrieron a resguardar sus productos ante el temor de que las llamas se propagaran.<\/p>\n\n\n\n<p>Uno de los propietarios afectados relat\u00f3 que perdi\u00f3 un negocio construido con m\u00e1s de 20 a\u00f1os de esfuerzo.<\/p>\n\n\n\n<p>San Pedro Sula, considerada la capital industrial de Honduras, ha sido escenario de varios incendios en zonas comerciales durante 2025, lo que ha generado llamados a reforzar medidas de prevenci\u00f3n y sistemas el\u00e9ctricos en edificios antiguos.<\/p>\n\n\n\n<p>Autoridades locales destacaron la coordinaci\u00f3n entre bomberos, Polic\u00eda Nacional y Fuerzas Armadas para contener el siniestro y evitar mayores p\u00e9rdidas humanas.<\/p>\n\n\n\n<p>Aunque no se reportaron v\u00edctimas mortales, los da\u00f1os materiales son cuantiosos y se espera un informe oficial sobre las causas del incendio en las pr\u00f3ximas horas.<\/p>\n","protected":false},"excerpt":{"rendered":"<p>SAN PEDRO SULA.\u00a0Un incendio estructural de gran magnitud se registr\u00f3 en la tercera avenida, ocho calles del barrio El Centro de San Pedro Sula, en el departamento de Cort\u00e9s. El siniestro arras\u00f3 con varios locales comerciales, incluyendo una ferreter\u00eda y una tienda de repuestos para motocicletas, seg\u00fan reportes del Cuerpo de Bomberos. Ante la emergencia, [&hellip;]<\/p>\n","protected":false},"author":2,"featured_media":3047,"comment_status":"closed","ping_status":"open","sticky":false,"template":"","format":"standard","meta":{"_seopress_robots_primary_cat":"","_seopress_titles_title":"","_seopress_titles_desc":"","_seopress_robots_index":"","footnotes":""},"categories":[1],"tags":[],"class_list":["post-3046","post","type-post","status-publish","format-standard","has-post-thumbnail","hentry","category-sin-categoria"],"_links":{"self":[{"href":"https:\/\/girasolmultimedios.com\/portal\/wp-json\/wp\/v2\/posts\/3046","targetHints":{"allow":["GET"]}}],"collection":[{"href":"https:\/\/girasolmultimedios.com\/portal\/wp-json\/wp\/v2\/posts"}],"about":[{"href":"https:\/\/girasolmultimedios.com\/portal\/wp-json\/wp\/v2\/types\/post"}],"author":[{"embeddable":true,"href":"https:\/\/girasolmultimedios.com\/portal\/wp-json\/wp\/v2\/users\/2"}],"replies":[{"embeddable":true,"href":"https:\/\/girasolmultimedios.com\/portal\/wp-json\/wp\/v2\/comments?post=3046"}],"version-history":[{"count":1,"href":"https:\/\/girasolmultimedios.com\/portal\/wp-json\/wp\/v2\/posts\/3046\/revisions"}],"predecessor-version":[{"id":3048,"href":"https:\/\/girasolmultimedios.com\/portal\/wp-json\/wp\/v2\/posts\/3046\/revisions\/3048"}],"wp:featuredmedia":[{"embeddable":true,"href":"https:\/\/girasolmultimedios.com\/portal\/wp-json\/wp\/v2\/media\/3047"}],"wp:attachment":[{"href":"https:\/\/girasolmultimedios.com\/portal\/wp-json\/wp\/v2\/media?parent=3046"}],"wp:term":[{"taxonomy":"category","embeddable":true,"href":"https:\/\/girasolmultimedios.com\/portal\/wp-json\/wp\/v2\/categories?post=3046"},{"taxonomy":"post_tag","embeddable":true,"href":"https:\/\/girasolmultimedios.com\/portal\/wp-json\/wp\/v2\/tags?post=3046"}],"curies":[{"name":"wp","href":"https:\/\/api.w.org\/{rel}","templated":true}]}}